{"id":45590,"date":"2026-07-17T05:49:05","date_gmt":"2026-07-17T05:49:05","guid":{"rendered":"https:\/\/www.dimecuba.com\/revista\/?p=45590"},"modified":"2026-07-17T08:27:35","modified_gmt":"2026-07-17T08:27:35","slug":"ana-de-armas","status":"publish","type":"post","link":"https:\/\/www.dimecuba.com\/revista\/cubanos\/ana-de-armas\/","title":{"rendered":"Ana de Armas: de Cuba a Hollywood, pel\u00edculas y biograf\u00eda"},"content":{"rendered":"<p>Ana de Armas es una actriz cubana que construy\u00f3 su carrera entre Cuba, Espa\u00f1a y Estados Unidos. Naci\u00f3 en La Habana, creci\u00f3 en Santa Cruz del Norte y comenz\u00f3 a estudiar interpretaci\u00f3n durante la adolescencia. Despu\u00e9s de hacerse conocida en la serie espa\u00f1ola <em>El Internado<\/em>, dio el salto a Hollywood y alcanz\u00f3 reconocimiento internacional con pel\u00edculas como <em>Blade Runner 2049<\/em>, <em>Knives Out<\/em>, <em>No Time to Die<\/em> y <em>Blonde<\/em>.<\/p>\n<p>En 2026, Ana de Armas tiene 38 a\u00f1os y contin\u00faa trabajando en producciones internacionales. Su etapa reciente incluye el protagonismo de <em>From the World of John Wick: Ballerina<\/em>, estrenada en 2025, la pel\u00edcula <em>Eden<\/em> y nuevos proyectos anunciados para los pr\u00f3ximos a\u00f1os.<\/p>\n<p><!-- IMAGEN DESTACADA: usar una fotograf\u00eda reciente propiedad de DimeCuba o una imagen promocional autorizada. No descargar fotograf\u00edas de Instagram o de agencias sin licencia. --><\/p>\n<h2>Qui\u00e9n es Ana de Armas<\/h2>\n<p>Ana Celia de Armas Caso naci\u00f3 el 30 de abril de 1988 en La Habana. Pas\u00f3 buena parte de su infancia en Santa Cruz del Norte, municipio de la provincia de Mayabeque situado a unos 50 kil\u00f3metros de la capital cubana.<\/p>\n<p>Desde peque\u00f1a mostr\u00f3 inter\u00e9s por la actuaci\u00f3n. Como en su casa no hab\u00eda reproductor de v\u00eddeo, ve\u00eda pel\u00edculas en casa de una vecina y despu\u00e9s repet\u00eda las escenas frente al espejo. A los 12 a\u00f1os decidi\u00f3 que quer\u00eda ser actriz y, dos a\u00f1os m\u00e1s tarde, ingres\u00f3 en la Escuela Nacional de Arte de Cuba.<\/p>\n<p>Su primera pel\u00edcula fue <em>Una rosa de Francia<\/em>, dirigida por Manuel Guti\u00e9rrez Arag\u00f3n y estrenada en 2006. Tambi\u00e9n particip\u00f3 en <em>Madrigal<\/em>, de Fernando P\u00e9rez. Estas experiencias le permitieron trabajar ante las c\u00e1maras antes de salir de Cuba.<\/p>\n<ul>\n<li><strong>Nombre completo:<\/strong> Ana Celia de Armas Caso.<\/li>\n<li><strong>Fecha de nacimiento:<\/strong> 30 de abril de 1988.<\/li>\n<li><strong>Edad en 2026:<\/strong> 38 a\u00f1os.<\/li>\n<li><strong>Lugar de nacimiento:<\/strong> La Habana, Cuba.<\/li>\n<li><strong>Lugar donde creci\u00f3:<\/strong> Santa Cruz del Norte, Mayabeque.<\/li>\n<li><strong>Profesi\u00f3n:<\/strong> actriz.<\/li>\n<\/ul>\n<h2>De d\u00f3nde es Ana de Armas y cu\u00e1l es su nacionalidad<\/h2>\n<p>Ana de Armas es cubana de nacimiento. Aunque naci\u00f3 en La Habana, creci\u00f3 en Santa Cruz del Norte y suele identificar su infancia con esa localidad costera.<\/p>\n<p>Tambi\u00e9n obtuvo la nacionalidad espa\u00f1ola por medio de sus abuelos maternos. Ese v\u00ednculo le permiti\u00f3 trasladarse a Madrid a los 18 a\u00f1os y desarrollar legalmente su carrera en Espa\u00f1a. En 2023 anunci\u00f3 durante su mon\u00f3logo en <em>Saturday Night Live<\/em> que estaba a punto de convertirse oficialmente en ciudadana estadounidense.<\/p>\n<p>Por tanto, su trayectoria re\u00fane tres contextos: naci\u00f3 y se form\u00f3 inicialmente en Cuba, consigui\u00f3 sus primeros papeles populares en Espa\u00f1a y consolid\u00f3 su carrera internacional en Estados Unidos. Sin embargo, su origen cubano contin\u00faa siendo una parte central de su identidad p\u00fablica.<\/p>\n<h2>Los padres y la familia de Ana de Armas<\/h2>\n<p>El padre de Ana de Armas se llama Ram\u00f3n de Armas. A lo largo de su vida desempe\u00f1\u00f3 diferentes trabajos, entre ellos los de profesor, director de escuela y responsable de una entidad bancaria. Algunas entrevistas biogr\u00e1ficas tambi\u00e9n se\u00f1alan que ejerci\u00f3 como teniente de alcalde de una localidad cubana.<\/p>\n<p>Su madre es Ana Caso y trabaj\u00f3 en el \u00e1rea de Recursos Humanos del Ministerio de Educaci\u00f3n. La actriz creci\u00f3 junto a su hermano mayor, Javier Caso, fot\u00f3grafo establecido fuera de Cuba.<\/p>\n<p>La relaci\u00f3n con sus padres aparece con frecuencia en las entrevistas de la artista. Durante su presentaci\u00f3n en <em>Saturday Night Live<\/em>, cont\u00f3 que Robert De Niro visit\u00f3 a su padre en Cuba despu\u00e9s de trabajar con ella en <em>Hands of Stone<\/em>. El actor le hab\u00eda pedido el tel\u00e9fono de la familia y cumpli\u00f3 su promesa durante un viaje a la isla.<\/p>\n<p>Ese episodio ayuda a explicar por qu\u00e9 la consulta \u201cRam\u00f3n de Armas\u201d est\u00e1 asociada con la biograf\u00eda de su hija. No se trata del actor mexicano Ram\u00f3n Vald\u00e9s ni de otra personalidad: es el padre de Ana de Armas.<\/p>\n<p><!-- IMAGEN 2: mantener, si DimeCuba posee los derechos, una fotograf\u00eda familiar o de la etapa cubana. Colocarla despu\u00e9s de esta secci\u00f3n y usar el ALT \"Ana de Armas y su familia cubana\". --><\/p>\n<h2>C\u00f3mo comenz\u00f3 la carrera de Ana de Armas en Cuba<\/h2>\n<p>Su formaci\u00f3n empez\u00f3 en la Escuela Nacional de Arte, en La Habana. All\u00ed estudi\u00f3 interpretaci\u00f3n mientras participaba en sus primeros proyectos cinematogr\u00e1ficos. <em>Una rosa de Francia<\/em> le dio un papel protagonista cuando todav\u00eda era adolescente.<\/p>\n<p>Despu\u00e9s trabaj\u00f3 en <em>Madrigal<\/em> y en la producci\u00f3n para televisi\u00f3n <em>El ed\u00e9n perdido<\/em>. Sin embargo, las oportunidades profesionales disponibles en Cuba eran limitadas y la actriz quer\u00eda ampliar su experiencia.<\/p>\n<p>A los 18 a\u00f1os se traslad\u00f3 a Madrid. Lleg\u00f3 con poco dinero y sin un contrato estable, pero su participaci\u00f3n en el cine cubano le permiti\u00f3 presentarse ante representantes y directores de casting con experiencia real frente a la c\u00e1mara.<\/p>\n<p>El cambio result\u00f3 decisivo. Pocas semanas despu\u00e9s de instalarse en Espa\u00f1a consigui\u00f3 una audici\u00f3n para una serie que transformar\u00eda su carrera.<\/p>\n<h2>El Internado y su carrera en Espa\u00f1a<\/h2>\n<p>Ana de Armas alcanz\u00f3 la popularidad en Espa\u00f1a gracias a <em>El Internado<\/em>, serie de Antena 3 estrenada en 2007. Interpret\u00f3 a Carolina Leal, una de las estudiantes del colegio Laguna Negra.<\/p>\n<p>La producci\u00f3n combinaba misterio, drama juvenil y suspense. Su \u00e9xito convirti\u00f3 a sus protagonistas en rostros conocidos de la televisi\u00f3n espa\u00f1ola. De Armas permaneci\u00f3 varias temporadas y comparti\u00f3 reparto con actores como Yon Gonz\u00e1lez, Blanca Su\u00e1rez, Elena Furiase y Mart\u00edn Rivas.<\/p>\n<p>Durante esta etapa tambi\u00e9n particip\u00f3 en la pel\u00edcula <em>Mentiras y gordas<\/em> y en la serie hist\u00f3rica <em>Hispania, la leyenda<\/em>. Aunque ya ten\u00eda trabajo y reconocimiento en Espa\u00f1a, decidi\u00f3 empezar de nuevo en un mercado donde todav\u00eda no dominaba el idioma.<\/p>\n<p>En 2014 se instal\u00f3 en Los \u00c1ngeles. Estudi\u00f3 ingl\u00e9s de forma intensiva y ha contado que utiliz\u00f3 episodios de <em>Friends<\/em> como parte de su aprendizaje. Al principio memorizaba algunas frases de manera fon\u00e9tica, pero pronto pudo presentarse a audiciones en ingl\u00e9s.<\/p>\n<h2>El salto de Ana de Armas a Hollywood<\/h2>\n<p>Uno de sus primeros trabajos estadounidenses fue <em>Knock Knock<\/em>, pel\u00edcula de 2015 protagonizada por Keanu Reeves. Despu\u00e9s apareci\u00f3 en <em>Exposed<\/em>, <em>War Dogs<\/em> y <em>Hands of Stone<\/em>, donde comparti\u00f3 cr\u00e9ditos con \u00c9dgar Ram\u00edrez y Robert De Niro.<\/p>\n<p>El reconocimiento internacional creci\u00f3 con <em>Blade Runner 2049<\/em>. En la pel\u00edcula de Denis Villeneuve interpret\u00f3 a Joi, una inteligencia artificial vinculada al personaje de Ryan Gosling. Aunque no era la protagonista, el papel la present\u00f3 ante una audiencia mundial.<\/p>\n<p>Su actuaci\u00f3n como Marta Cabrera en <em>Knives Out<\/em> confirm\u00f3 ese ascenso. La comedia de misterio dirigida por Rian Johnson reuni\u00f3 a Daniel Craig, Chris Evans, Jamie Lee Curtis y Christopher Plummer. De Armas recibi\u00f3 una nominaci\u00f3n al Globo de Oro por su interpretaci\u00f3n. Es importante aclararlo: fue nominada, pero no gan\u00f3 el premio.<\/p>\n<p>M\u00e1s adelante apareci\u00f3 como Paloma en <em>No Time to Die<\/em>, la \u00faltima pel\u00edcula de Daniel Craig como James Bond. Su participaci\u00f3n fue breve, pero el personaje destac\u00f3 por combinar acci\u00f3n y humor.<\/p>\n<p>Art\u00edculo relacionado: <strong><a href=\"https:\/\/www.dimecuba.com\/revista\/cubanos\/ana-de-armas-mejores-peliculas\/\">Las mejores pel\u00edculas de Ana de Armas<\/a><\/strong>.<\/p>\n<h2>La nominaci\u00f3n al Oscar por Blonde<\/h2>\n<p>En <em>Blonde<\/em>, estrenada por Netflix en 2022, Ana de Armas interpret\u00f3 a Marilyn Monroe. La pel\u00edcula de Andrew Dominik no es un documental ni una biograf\u00eda literal. Es una obra de ficci\u00f3n basada en la novela hom\u00f3nima de Joyce Carol Oates.<\/p>\n<p>El papel exigi\u00f3 una preparaci\u00f3n prolongada para trabajar la voz, el movimiento y la transformaci\u00f3n f\u00edsica del personaje. Aunque la pel\u00edcula gener\u00f3 opiniones divididas, la interpretaci\u00f3n recibi\u00f3 atenci\u00f3n durante la temporada de premios.<\/p>\n<p>La Academia de Hollywood nomin\u00f3 a De Armas como mejor actriz en los Oscar de 2023. Fue la primera actriz cubana nominada en esa categor\u00eda. Tambi\u00e9n obtuvo nominaciones a los Globos de Oro, los BAFTA y los premios del Sindicato de Actores.<\/p>\n<p>Este reconocimiento marc\u00f3 un punto importante en su carrera. Su paso desde una escuela de arte en La Habana hasta la principal categor\u00eda interpretativa de los Oscar dej\u00f3 de ser \u00fanicamente una historia de popularidad y se convirti\u00f3 en un logro profesional verificable.<\/p>\n<h2>Ana de Armas actualmente: sus pel\u00edculas recientes<\/h2>\n<p>Despu\u00e9s de <em>Blonde<\/em>, la actriz protagoniz\u00f3 <em>Ghosted<\/em> junto a Chris Evans. La pel\u00edcula de acci\u00f3n y comedia rom\u00e1ntica se estren\u00f3 en Apple TV+ en abril de 2023. De Armas tambi\u00e9n figur\u00f3 como productora ejecutiva.<\/p>\n<p>En 2025 encabez\u00f3 <em>From the World of John Wick: Ballerina<\/em>, dirigida por Len Wiseman. Interpret\u00f3 a Eve Macarro, una asesina formada por la organizaci\u00f3n Ruska Roma que busca respuestas sobre la muerte de su padre. Keanu Reeves, Ian McShane, Anjelica Huston y Norman Reedus formaron parte del reparto.<\/p>\n<p>La pel\u00edcula se estren\u00f3 el 6 de junio de 2025 y situ\u00f3 a la cubana al frente de una producci\u00f3n de acci\u00f3n de gran presupuesto. El papel ampli\u00f3 el tipo de personajes que hab\u00eda interpretado anteriormente y exigi\u00f3 una preparaci\u00f3n f\u00edsica intensa.<\/p>\n<p>Tambi\u00e9n apareci\u00f3 en <em>Eden<\/em>, thriller de supervivencia dirigido por Ron Howard. La historia se inspira en un grupo de europeos que se instal\u00f3 en la isla Floreana, en Gal\u00e1pagos, durante la d\u00e9cada de 1930. El reparto incluye a Jude Law, Vanessa Kirby, Sydney Sweeney y Daniel Br\u00fchl.<\/p>\n<p><strong><a href=\"https:\/\/www.lionsgate.com\/videos\/from-the-world-of-john-wick-ballerina-2025-final-trailer-ana-de-armas-keanu-reeves\" target=\"_blank\" rel=\"noopener\">Ver el tr\u00e1iler final oficial de Ballerina en Lionsgate<\/a><\/strong>.<\/p>\n<p><!-- MULTIMEDIA: insertar aqu\u00ed el tr\u00e1iler oficial de Ballerina utilizando el v\u00eddeo publicado por Lionsgate. --><\/p>\n<h3>Los pr\u00f3ximos proyectos de Ana de Armas<\/h3>\n<p>Entre los proyectos anunciados figura <em>Sweat<\/em>, un thriller psicol\u00f3gico dirigido por J Blakeson. La historia sigue a una influente del mundo del fitness cuya vida p\u00fablica comienza a desmoronarse. AGC Studios se incorpor\u00f3 a la financiaci\u00f3n y producci\u00f3n del proyecto en 2026.<\/p>\n<p>Como ocurre con cualquier pel\u00edcula en desarrollo, el t\u00edtulo, el reparto o la fecha de estreno pueden cambiar antes de su lanzamiento. Por eso conviene actualizar esta secci\u00f3n cuando el estudio confirme el calendario definitivo.<\/p>\n<h2>Los hobbies y gustos de Ana de Armas<\/h2>\n<p>La actriz ha mencionado en entrevistas que disfruta bailar, nadar, pasar tiempo cerca del mar, cocinar y reunirse con familiares y amigos. Tambi\u00e9n ha practicado boxeo, una actividad que m\u00e1s adelante result\u00f3 \u00fatil para sus papeles de acci\u00f3n.<\/p>\n<p>Entre sus comidas preferidas aparecen platos cubanos como el arroz, los frijoles y el pollo. Adem\u00e1s, ha hablado de su gusto por el sushi y la comida japonesa.<\/p>\n<p>No todos estos datos tienen la misma importancia que su trayectoria profesional, pero responden a una curiosidad real de los lectores. La consulta \u201cAna de Armas hobbies\u201d ya genera apariciones en Google, por lo que resulta \u00fatil conservar una secci\u00f3n breve y verificable sin convertir toda la biograf\u00eda en una lista de curiosidades.<\/p>\n<h2>La vida privada de Ana de Armas<\/h2>\n<p>Ana de Armas suele mantener su vida sentimental separada de la promoci\u00f3n de sus pel\u00edculas. Estuvo casada con el actor espa\u00f1ol Marc Clotet entre 2011 y 2013. A\u00f1os despu\u00e9s mantuvo relaciones p\u00fablicas con otras figuras, pero su situaci\u00f3n actual debe tratarse \u00fanicamente a partir de confirmaciones directas y recientes.<\/p>\n<p>Esta p\u00e1gina est\u00e1 centrada en su biograf\u00eda y carrera. La informaci\u00f3n sobre relaciones sentimentales se desarrolla por separado para evitar mezclar rumores con datos profesionales.<\/p>\n<p>Art\u00edculo relacionado: <strong><a href=\"https:\/\/www.dimecuba.com\/revista\/cubanos\/ana-de-armas-amores-novios\/\">Las relaciones y parejas conocidas de Ana de Armas<\/a><\/strong>.<\/p>\n<h2>Preguntas frecuentes sobre Ana de Armas<\/h2>\n<h3>\u00bfQui\u00e9n es Ana de Armas?<\/h3>\n<p>Es una actriz nacida en Cuba que desarroll\u00f3 su carrera en Espa\u00f1a y Estados Unidos. Es conocida por <em>El Internado<\/em>, <em>Blade Runner 2049<\/em>, <em>Knives Out<\/em>, <em>No Time to Die<\/em>, <em>Blonde<\/em> y <em>Ballerina<\/em>.<\/p>\n<h3>\u00bfDe d\u00f3nde es Ana de Armas?<\/h3>\n<p>Naci\u00f3 en La Habana y creci\u00f3 en Santa Cruz del Norte, Mayabeque, Cuba.<\/p>\n<h3>\u00bfCu\u00e1ntos a\u00f1os tiene Ana de Armas?<\/h3>\n<p>Tiene 38 a\u00f1os. Naci\u00f3 el 30 de abril de 1988.<\/p>\n<h3>\u00bfCu\u00e1l es la nacionalidad de Ana de Armas?<\/h3>\n<p>Es cubana de nacimiento, obtuvo la nacionalidad espa\u00f1ola por su familia materna y se naturaliz\u00f3 como ciudadana estadounidense en 2023.<\/p>\n<h3>\u00bfQui\u00e9nes son los padres de Ana de Armas?<\/h3>\n<p>Su padre es Ram\u00f3n de Armas y su madre es Ana Caso. Creci\u00f3 con ellos y con su hermano mayor Javier en Cuba.<\/p>\n<h3>\u00bfAna de Armas gan\u00f3 un Oscar?<\/h3>\n<p>No. Fue nominada al Oscar a mejor actriz en 2023 por interpretar a Marilyn Monroe en <em>Blonde<\/em>, pero la ganadora de la categor\u00eda fue Michelle Yeoh.<\/p>\n<h3>\u00bfCu\u00e1l es la pel\u00edcula m\u00e1s reciente de Ana de Armas?<\/h3>\n<p>Entre sus estrenos recientes destacan <em>Ballerina<\/em> y <em>Eden<\/em>, ambas distribuidas en 2025. En 2026 se anunci\u00f3 su participaci\u00f3n en el thriller psicol\u00f3gico <em>Sweat<\/em>.<\/p>\n\n","protected":false},"excerpt":{"rendered":"<p>De Santa Cruz del Norte a Hollywood: descubre la edad, familia, pel\u00edculas y proyectos actuales de la actriz cubana Ana de Armas.<\/p>\n","protected":false},"author":10,"featured_media":71009,"comment_status":"open","ping_status":"open","sticky":false,"template":"","format":"standard","meta":{"colormag_page_container_layout":"default_layout","colormag_page_sidebar_layout":"default_layout","wprm-recipe-roundup-name":"","wprm-recipe-roundup-description":"","footnotes":""},"categories":[4032,18492],"tags":[1186],"class_list":["post-45590","post","type-post","status-publish","format-standard","has-post-thumbnail","hentry","category-cubanos","category-noticias-ana-de-armas","tag-artistas-cubanos"],"yoast_head":"<!-- This site is optimized with the Yoast SEO Premium plugin v24.8 (Yoast SEO v28.4) - https:\/\/yoast.com\/product\/yoast-seo-premium-wordpress\/ -->\n<title>Ana de Armas: biograf\u00eda, edad, pel\u00edculas y actualidad<\/title>\n<meta name=\"description\" content=\"Conoce la biograf\u00eda de Ana de Armas: edad, padres, nacionalidad, pel\u00edculas, nominaci\u00f3n al Oscar y sus proyectos m\u00e1s recientes en Hollywood.\" \/>\n<meta name=\"robots\" content=\"index, follow, max-snippet:-1, max-image-preview:large, max-video-preview:-1\" \/>\n<link rel=\"canonical\" href=\"https:\/\/www.dimecuba.com\/revista\/cubanos\/ana-de-armas\/\" \/>\n<meta property=\"og:locale\" content=\"es_ES\" \/>\n<meta property=\"og:type\" content=\"article\" \/>\n<meta property=\"og:title\" content=\"Ana de Armas: de Cuba a Hollywood, pel\u00edculas y biograf\u00eda\" \/>\n<meta property=\"og:description\" content=\"De Santa Cruz del Norte a Hollywood: descubre la edad, familia, pel\u00edculas y proyectos actuales de la actriz cubana Ana de Armas.\" \/>\n<meta property=\"og:url\" content=\"https:\/\/www.dimecuba.com\/revista\/cubanos\/ana-de-armas\/\" \/>\n<meta property=\"og:site_name\" content=\"Revista DimeCuba\" \/>\n<meta property=\"article:publisher\" content=\"https:\/\/facebook.com\/DimeCuba\/\" \/>\n<meta property=\"article:published_time\" content=\"2026-07-17T05:49:05+00:00\" \/>\n<meta property=\"article:modified_time\" content=\"2026-07-17T08:27:35+00:00\" \/>\n<meta property=\"og:image\" content=\"https:\/\/www.dimecuba.com\/revista\/wp-content\/uploads\/2021\/10\/ana-de-armas.png\" \/>\n\t<meta property=\"og:image:width\" content=\"1280\" \/>\n\t<meta property=\"og:image:height\" content=\"670\" \/>\n\t<meta property=\"og:image:type\" content=\"image\/png\" \/>\n<meta name=\"author\" content=\"Redaccion\" \/>\n<meta name=\"twitter:card\" content=\"summary_large_image\" \/>\n<meta name=\"twitter:description\" content=\"De Santa Cruz del Norte a Hollywood: descubre la edad, familia, pel\u00edculas y proyectos actuales de la actriz cubana Ana de Armas.\" \/>\n<meta name=\"twitter:creator\" content=\"@dimecuba\" \/>\n<meta name=\"twitter:site\" content=\"@dimecuba\" \/>\n<meta name=\"twitter:label1\" content=\"Escrito por\" \/>\n\t<meta name=\"twitter:data1\" content=\"Redaccion\" \/>\n\t<meta name=\"twitter:label2\" content=\"Tiempo de lectura\" \/>\n\t<meta name=\"twitter:data2\" content=\"10 minutos\" \/>\n<script type=\"application\/ld+json\" class=\"yoast-schema-graph\">{\"@context\":\"https:\\\/\\\/schema.org\",\"@graph\":[{\"@type\":\"NewsArticle\",\"@id\":\"https:\\\/\\\/www.dimecuba.com\\\/revista\\\/cubanos\\\/ana-de-armas\\\/#article\",\"isPartOf\":{\"@id\":\"https:\\\/\\\/www.dimecuba.com\\\/revista\\\/cubanos\\\/ana-de-armas\\\/\"},\"author\":{\"name\":\"Redaccion\",\"@id\":\"https:\\\/\\\/www.dimecuba.com\\\/revista\\\/#\\\/schema\\\/person\\\/b532b340aa1009c0ee4f32f3b596dd74\"},\"headline\":\"Ana de Armas: de Cuba a Hollywood, pel\u00edculas y biograf\u00eda\",\"datePublished\":\"2026-07-17T05:49:05+00:00\",\"dateModified\":\"2026-07-17T08:27:35+00:00\",\"mainEntityOfPage\":{\"@id\":\"https:\\\/\\\/www.dimecuba.com\\\/revista\\\/cubanos\\\/ana-de-armas\\\/\"},\"wordCount\":2090,\"commentCount\":1,\"publisher\":{\"@id\":\"https:\\\/\\\/www.dimecuba.com\\\/revista\\\/#organization\"},\"image\":{\"@id\":\"https:\\\/\\\/www.dimecuba.com\\\/revista\\\/cubanos\\\/ana-de-armas\\\/#primaryimage\"},\"thumbnailUrl\":\"https:\\\/\\\/www.dimecuba.com\\\/revista\\\/wp-content\\\/uploads\\\/2021\\\/10\\\/ana-de-armas.png\",\"keywords\":[\"Artistas Cubanos\"],\"articleSection\":[\"CUBANOS\",\"Noticias de Ana de Armas\"],\"inLanguage\":\"es\",\"potentialAction\":[{\"@type\":\"CommentAction\",\"name\":\"Comment\",\"target\":[\"https:\\\/\\\/www.dimecuba.com\\\/revista\\\/cubanos\\\/ana-de-armas\\\/#respond\"]}]},{\"@type\":\"WebPage\",\"@id\":\"https:\\\/\\\/www.dimecuba.com\\\/revista\\\/cubanos\\\/ana-de-armas\\\/\",\"url\":\"https:\\\/\\\/www.dimecuba.com\\\/revista\\\/cubanos\\\/ana-de-armas\\\/\",\"name\":\"Ana de Armas: biograf\u00eda, edad, pel\u00edculas y actualidad\",\"isPartOf\":{\"@id\":\"https:\\\/\\\/www.dimecuba.com\\\/revista\\\/#website\"},\"primaryImageOfPage\":{\"@id\":\"https:\\\/\\\/www.dimecuba.com\\\/revista\\\/cubanos\\\/ana-de-armas\\\/#primaryimage\"},\"image\":{\"@id\":\"https:\\\/\\\/www.dimecuba.com\\\/revista\\\/cubanos\\\/ana-de-armas\\\/#primaryimage\"},\"thumbnailUrl\":\"https:\\\/\\\/www.dimecuba.com\\\/revista\\\/wp-content\\\/uploads\\\/2021\\\/10\\\/ana-de-armas.png\",\"datePublished\":\"2026-07-17T05:49:05+00:00\",\"dateModified\":\"2026-07-17T08:27:35+00:00\",\"description\":\"Conoce la biograf\u00eda de Ana de Armas: edad, padres, nacionalidad, pel\u00edculas, nominaci\u00f3n al Oscar y sus proyectos m\u00e1s recientes en Hollywood.\",\"breadcrumb\":{\"@id\":\"https:\\\/\\\/www.dimecuba.com\\\/revista\\\/cubanos\\\/ana-de-armas\\\/#breadcrumb\"},\"inLanguage\":\"es\",\"potentialAction\":[{\"@type\":\"ReadAction\",\"target\":[\"https:\\\/\\\/www.dimecuba.com\\\/revista\\\/cubanos\\\/ana-de-armas\\\/\"]}]},{\"@type\":\"ImageObject\",\"inLanguage\":\"es\",\"@id\":\"https:\\\/\\\/www.dimecuba.com\\\/revista\\\/cubanos\\\/ana-de-armas\\\/#primaryimage\",\"url\":\"https:\\\/\\\/www.dimecuba.com\\\/revista\\\/wp-content\\\/uploads\\\/2021\\\/10\\\/ana-de-armas.png\",\"contentUrl\":\"https:\\\/\\\/www.dimecuba.com\\\/revista\\\/wp-content\\\/uploads\\\/2021\\\/10\\\/ana-de-armas.png\",\"width\":1280,\"height\":670,\"caption\":\"Ana de Armas pas\u00f3 de la actuaci\u00f3n en Cuba y Espa\u00f1a a protagonizar grandes producciones de Hollywood.\"},{\"@type\":\"BreadcrumbList\",\"@id\":\"https:\\\/\\\/www.dimecuba.com\\\/revista\\\/cubanos\\\/ana-de-armas\\\/#breadcrumb\",\"itemListElement\":[{\"@type\":\"ListItem\",\"position\":1,\"name\":\"Noticias de Cuba\",\"item\":\"https:\\\/\\\/www.dimecuba.com\\\/revista\\\/\"},{\"@type\":\"ListItem\",\"position\":2,\"name\":\"CUBANOS\",\"item\":\"https:\\\/\\\/www.dimecuba.com\\\/revista\\\/cubanos\\\/\"},{\"@type\":\"ListItem\",\"position\":3,\"name\":\"Ana de Armas: de Cuba a Hollywood, pel\u00edculas y biograf\u00eda\"}]},{\"@type\":\"WebSite\",\"@id\":\"https:\\\/\\\/www.dimecuba.com\\\/revista\\\/#website\",\"url\":\"https:\\\/\\\/www.dimecuba.com\\\/revista\\\/\",\"name\":\"Revista DimeCuba\",\"description\":\"\u00daltimas noticias y sucesos de Cuba\",\"publisher\":{\"@id\":\"https:\\\/\\\/www.dimecuba.com\\\/revista\\\/#organization\"},\"potentialAction\":[{\"@type\":\"SearchAction\",\"target\":{\"@type\":\"EntryPoint\",\"urlTemplate\":\"https:\\\/\\\/www.dimecuba.com\\\/revista\\\/?s={search_term_string}\"},\"query-input\":{\"@type\":\"PropertyValueSpecification\",\"valueRequired\":true,\"valueName\":\"search_term_string\"}}],\"inLanguage\":\"es\"},{\"@type\":\"Organization\",\"@id\":\"https:\\\/\\\/www.dimecuba.com\\\/revista\\\/#organization\",\"name\":\"DimeCuba\",\"url\":\"https:\\\/\\\/www.dimecuba.com\\\/revista\\\/\",\"logo\":{\"@type\":\"ImageObject\",\"inLanguage\":\"es\",\"@id\":\"https:\\\/\\\/www.dimecuba.com\\\/revista\\\/#\\\/schema\\\/logo\\\/image\\\/\",\"url\":\"https:\\\/\\\/www.dimecuba.com\\\/revista\\\/wp-content\\\/uploads\\\/2018\\\/10\\\/Revista-DimeCuba-logo-sml-3.png\",\"contentUrl\":\"https:\\\/\\\/www.dimecuba.com\\\/revista\\\/wp-content\\\/uploads\\\/2018\\\/10\\\/Revista-DimeCuba-logo-sml-3.png\",\"width\":201,\"height\":57,\"caption\":\"DimeCuba\"},\"image\":{\"@id\":\"https:\\\/\\\/www.dimecuba.com\\\/revista\\\/#\\\/schema\\\/logo\\\/image\\\/\"},\"sameAs\":[\"https:\\\/\\\/facebook.com\\\/DimeCuba\\\/\",\"https:\\\/\\\/x.com\\\/dimecuba\",\"https:\\\/\\\/www.instagram.com\\\/dimecuba\\\/\",\"https:\\\/\\\/www.linkedin.com\\\/company\\\/dimecuba\",\"https:\\\/\\\/www.youtube.com\\\/dimecubaweb\"]},{\"@type\":\"Person\",\"@id\":\"https:\\\/\\\/www.dimecuba.com\\\/revista\\\/#\\\/schema\\\/person\\\/b532b340aa1009c0ee4f32f3b596dd74\",\"name\":\"Redaccion\",\"image\":{\"@type\":\"ImageObject\",\"inLanguage\":\"es\",\"@id\":\"https:\\\/\\\/secure.gravatar.com\\\/avatar\\\/0c762ed341371f50242139b54874bfe7e2ebe6547d7d9581857376403e9885c6?s=96&d=mm&r=g\",\"url\":\"https:\\\/\\\/secure.gravatar.com\\\/avatar\\\/0c762ed341371f50242139b54874bfe7e2ebe6547d7d9581857376403e9885c6?s=96&d=mm&r=g\",\"contentUrl\":\"https:\\\/\\\/secure.gravatar.com\\\/avatar\\\/0c762ed341371f50242139b54874bfe7e2ebe6547d7d9581857376403e9885c6?s=96&d=mm&r=g\",\"caption\":\"Redaccion\"},\"url\":\"https:\\\/\\\/www.dimecuba.com\\\/revista\\\/author\\\/redaccion-dc\\\/\"}]}<\/script>\n<!-- \/ Yoast SEO Premium plugin. -->","yoast_head_json":{"title":"Ana de Armas: biograf\u00eda, edad, pel\u00edculas y actualidad","description":"Conoce la biograf\u00eda de Ana de Armas: edad, padres, nacionalidad, pel\u00edculas, nominaci\u00f3n al Oscar y sus proyectos m\u00e1s recientes en Hollywood.","robots":{"index":"index","follow":"follow","max-snippet":"max-snippet:-1","max-image-preview":"max-image-preview:large","max-video-preview":"max-video-preview:-1"},"canonical":"https:\/\/www.dimecuba.com\/revista\/cubanos\/ana-de-armas\/","og_locale":"es_ES","og_type":"article","og_title":"Ana de Armas: de Cuba a Hollywood, pel\u00edculas y biograf\u00eda","og_description":"De Santa Cruz del Norte a Hollywood: descubre la edad, familia, pel\u00edculas y proyectos actuales de la actriz cubana Ana de Armas.","og_url":"https:\/\/www.dimecuba.com\/revista\/cubanos\/ana-de-armas\/","og_site_name":"Revista DimeCuba","article_publisher":"https:\/\/facebook.com\/DimeCuba\/","article_published_time":"2026-07-17T05:49:05+00:00","article_modified_time":"2026-07-17T08:27:35+00:00","og_image":[{"width":1280,"height":670,"url":"https:\/\/www.dimecuba.com\/revista\/wp-content\/uploads\/2021\/10\/ana-de-armas.png","type":"image\/png"}],"author":"Redaccion","twitter_card":"summary_large_image","twitter_description":"De Santa Cruz del Norte a Hollywood: descubre la edad, familia, pel\u00edculas y proyectos actuales de la actriz cubana Ana de Armas.","twitter_creator":"@dimecuba","twitter_site":"@dimecuba","twitter_misc":{"Escrito por":"Redaccion","Tiempo de lectura":"10 minutos"},"schema":{"@context":"https:\/\/schema.org","@graph":[{"@type":"NewsArticle","@id":"https:\/\/www.dimecuba.com\/revista\/cubanos\/ana-de-armas\/#article","isPartOf":{"@id":"https:\/\/www.dimecuba.com\/revista\/cubanos\/ana-de-armas\/"},"author":{"name":"Redaccion","@id":"https:\/\/www.dimecuba.com\/revista\/#\/schema\/person\/b532b340aa1009c0ee4f32f3b596dd74"},"headline":"Ana de Armas: de Cuba a Hollywood, pel\u00edculas y biograf\u00eda","datePublished":"2026-07-17T05:49:05+00:00","dateModified":"2026-07-17T08:27:35+00:00","mainEntityOfPage":{"@id":"https:\/\/www.dimecuba.com\/revista\/cubanos\/ana-de-armas\/"},"wordCount":2090,"commentCount":1,"publisher":{"@id":"https:\/\/www.dimecuba.com\/revista\/#organization"},"image":{"@id":"https:\/\/www.dimecuba.com\/revista\/cubanos\/ana-de-armas\/#primaryimage"},"thumbnailUrl":"https:\/\/www.dimecuba.com\/revista\/wp-content\/uploads\/2021\/10\/ana-de-armas.png","keywords":["Artistas Cubanos"],"articleSection":["CUBANOS","Noticias de Ana de Armas"],"inLanguage":"es","potentialAction":[{"@type":"CommentAction","name":"Comment","target":["https:\/\/www.dimecuba.com\/revista\/cubanos\/ana-de-armas\/#respond"]}]},{"@type":"WebPage","@id":"https:\/\/www.dimecuba.com\/revista\/cubanos\/ana-de-armas\/","url":"https:\/\/www.dimecuba.com\/revista\/cubanos\/ana-de-armas\/","name":"Ana de Armas: biograf\u00eda, edad, pel\u00edculas y actualidad","isPartOf":{"@id":"https:\/\/www.dimecuba.com\/revista\/#website"},"primaryImageOfPage":{"@id":"https:\/\/www.dimecuba.com\/revista\/cubanos\/ana-de-armas\/#primaryimage"},"image":{"@id":"https:\/\/www.dimecuba.com\/revista\/cubanos\/ana-de-armas\/#primaryimage"},"thumbnailUrl":"https:\/\/www.dimecuba.com\/revista\/wp-content\/uploads\/2021\/10\/ana-de-armas.png","datePublished":"2026-07-17T05:49:05+00:00","dateModified":"2026-07-17T08:27:35+00:00","description":"Conoce la biograf\u00eda de Ana de Armas: edad, padres, nacionalidad, pel\u00edculas, nominaci\u00f3n al Oscar y sus proyectos m\u00e1s recientes en Hollywood.","breadcrumb":{"@id":"https:\/\/www.dimecuba.com\/revista\/cubanos\/ana-de-armas\/#breadcrumb"},"inLanguage":"es","potentialAction":[{"@type":"ReadAction","target":["https:\/\/www.dimecuba.com\/revista\/cubanos\/ana-de-armas\/"]}]},{"@type":"ImageObject","inLanguage":"es","@id":"https:\/\/www.dimecuba.com\/revista\/cubanos\/ana-de-armas\/#primaryimage","url":"https:\/\/www.dimecuba.com\/revista\/wp-content\/uploads\/2021\/10\/ana-de-armas.png","contentUrl":"https:\/\/www.dimecuba.com\/revista\/wp-content\/uploads\/2021\/10\/ana-de-armas.png","width":1280,"height":670,"caption":"Ana de Armas pas\u00f3 de la actuaci\u00f3n en Cuba y Espa\u00f1a a protagonizar grandes producciones de Hollywood."},{"@type":"BreadcrumbList","@id":"https:\/\/www.dimecuba.com\/revista\/cubanos\/ana-de-armas\/#breadcrumb","itemListElement":[{"@type":"ListItem","position":1,"name":"Noticias de Cuba","item":"https:\/\/www.dimecuba.com\/revista\/"},{"@type":"ListItem","position":2,"name":"CUBANOS","item":"https:\/\/www.dimecuba.com\/revista\/cubanos\/"},{"@type":"ListItem","position":3,"name":"Ana de Armas: de Cuba a Hollywood, pel\u00edculas y biograf\u00eda"}]},{"@type":"WebSite","@id":"https:\/\/www.dimecuba.com\/revista\/#website","url":"https:\/\/www.dimecuba.com\/revista\/","name":"Revista DimeCuba","description":"\u00daltimas noticias y sucesos de Cuba","publisher":{"@id":"https:\/\/www.dimecuba.com\/revista\/#organization"},"potentialAction":[{"@type":"SearchAction","target":{"@type":"EntryPoint","urlTemplate":"https:\/\/www.dimecuba.com\/revista\/?s={search_term_string}"},"query-input":{"@type":"PropertyValueSpecification","valueRequired":true,"valueName":"search_term_string"}}],"inLanguage":"es"},{"@type":"Organization","@id":"https:\/\/www.dimecuba.com\/revista\/#organization","name":"DimeCuba","url":"https:\/\/www.dimecuba.com\/revista\/","logo":{"@type":"ImageObject","inLanguage":"es","@id":"https:\/\/www.dimecuba.com\/revista\/#\/schema\/logo\/image\/","url":"https:\/\/www.dimecuba.com\/revista\/wp-content\/uploads\/2018\/10\/Revista-DimeCuba-logo-sml-3.png","contentUrl":"https:\/\/www.dimecuba.com\/revista\/wp-content\/uploads\/2018\/10\/Revista-DimeCuba-logo-sml-3.png","width":201,"height":57,"caption":"DimeCuba"},"image":{"@id":"https:\/\/www.dimecuba.com\/revista\/#\/schema\/logo\/image\/"},"sameAs":["https:\/\/facebook.com\/DimeCuba\/","https:\/\/x.com\/dimecuba","https:\/\/www.instagram.com\/dimecuba\/","https:\/\/www.linkedin.com\/company\/dimecuba","https:\/\/www.youtube.com\/dimecubaweb"]},{"@type":"Person","@id":"https:\/\/www.dimecuba.com\/revista\/#\/schema\/person\/b532b340aa1009c0ee4f32f3b596dd74","name":"Redaccion","image":{"@type":"ImageObject","inLanguage":"es","@id":"https:\/\/secure.gravatar.com\/avatar\/0c762ed341371f50242139b54874bfe7e2ebe6547d7d9581857376403e9885c6?s=96&d=mm&r=g","url":"https:\/\/secure.gravatar.com\/avatar\/0c762ed341371f50242139b54874bfe7e2ebe6547d7d9581857376403e9885c6?s=96&d=mm&r=g","contentUrl":"https:\/\/secure.gravatar.com\/avatar\/0c762ed341371f50242139b54874bfe7e2ebe6547d7d9581857376403e9885c6?s=96&d=mm&r=g","caption":"Redaccion"},"url":"https:\/\/www.dimecuba.com\/revista\/author\/redaccion-dc\/"}]}},"_links":{"self":[{"href":"https:\/\/www.dimecuba.com\/revista\/wp-json\/wp\/v2\/posts\/45590","targetHints":{"allow":["GET"]}}],"collection":[{"href":"https:\/\/www.dimecuba.com\/revista\/wp-json\/wp\/v2\/posts"}],"about":[{"href":"https:\/\/www.dimecuba.com\/revista\/wp-json\/wp\/v2\/types\/post"}],"author":[{"embeddable":true,"href":"https:\/\/www.dimecuba.com\/revista\/wp-json\/wp\/v2\/users\/10"}],"replies":[{"embeddable":true,"href":"https:\/\/www.dimecuba.com\/revista\/wp-json\/wp\/v2\/comments?post=45590"}],"version-history":[{"count":0,"href":"https:\/\/www.dimecuba.com\/revista\/wp-json\/wp\/v2\/posts\/45590\/revisions"}],"wp:featuredmedia":[{"embeddable":true,"href":"https:\/\/www.dimecuba.com\/revista\/wp-json\/wp\/v2\/media\/71009"}],"wp:attachment":[{"href":"https:\/\/www.dimecuba.com\/revista\/wp-json\/wp\/v2\/media?parent=45590"}],"wp:term":[{"taxonomy":"category","embeddable":true,"href":"https:\/\/www.dimecuba.com\/revista\/wp-json\/wp\/v2\/categories?post=45590"},{"taxonomy":"post_tag","embeddable":true,"href":"https:\/\/www.dimecuba.com\/revista\/wp-json\/wp\/v2\/tags?post=45590"}],"curies":[{"name":"wp","href":"https:\/\/api.w.org\/{rel}","templated":true}]}}