{"id":85612,"date":"2026-08-14T20:32:31","date_gmt":"2026-08-14T20:32:31","guid":{"rendered":"https:\/\/www.dimecuba.com\/revista\/?p=85612"},"modified":"2026-08-15T05:51:43","modified_gmt":"2026-08-15T05:51:43","slug":"cumpleanos-aurora-basnuevo","status":"publish","type":"post","link":"https:\/\/www.dimecuba.com\/revista\/cubanos\/cumpleanos-aurora-basnuevo\/","title":{"rendered":"Cumplea\u00f1os de Aurora Basnuevo: as\u00ed recuerdan a La Mulat\u00edsima"},"content":{"rendered":"<p>Este 13 de agosto, el cumplea\u00f1os de Aurora Basnuevo volvi\u00f3 a despertar recuerdos entre los cubanos que siguieron durante d\u00e9cadas su trayectoria en la radio, la televisi\u00f3n y el teatro. La actriz, cantante y humorista habr\u00eda cumplido 88 a\u00f1os en 2026.<\/p>\n<p>Aurora Basnuevo naci\u00f3 el 13 de agosto de 1938 en Col\u00f3n, Matanzas, y falleci\u00f3 el 26 de septiembre de 2022. Cuatro a\u00f1os despu\u00e9s de su partida, su nombre contin\u00faa apareciendo en las redes sociales cada vez que llega la fecha de su nacimiento.<\/p>\n<h2>CubaActores recuerda el cumplea\u00f1os de Aurora Basnuevo en 2026<\/h2>\n<p>La cuenta de Instagram de CubaActores se sum\u00f3 este a\u00f1o a los homenajes por el cumplea\u00f1os de Aurora Basnuevo con un v\u00eddeo dedicado a la popular int\u00e9rprete.<\/p>\n<p>La publicaci\u00f3n comienza con una frase directa: \u00abHoy Aurora Basnuevo estar\u00eda de cumplea\u00f1os\u00bb.<\/p>\n<p>CubaActores record\u00f3 a la artista como una de esas voces y figuras que forman parte de la memoria y la cultura cubanas. El mensaje destac\u00f3 especialmente su talento, su voz y los a\u00f1os que dedic\u00f3 al arte.<\/p>\n<p>En otro momento del texto, la p\u00e1gina se\u00f1al\u00f3 que Aurora ya no est\u00e1 f\u00edsicamente, pero que su trabajo contin\u00faa presente en el recuerdo de varias generaciones de cubanos.<\/p>\n<p>La publicaci\u00f3n tambi\u00e9n prefiri\u00f3 centrar el homenaje en su vida y su obra antes que en su ausencia. CubaActores escribi\u00f3 que quer\u00eda \u00abcelebrar que existi\u00f3, que nos regal\u00f3 tanto y que dej\u00f3 una huella imposible de borrar\u00bb.<\/p>\n<p>El mensaje termin\u00f3 con una felicitaci\u00f3n especialmente emotiva: \u00abFeliz cumplea\u00f1os hasta donde est\u00e9s, querida Aurora Basnuevo. Siempre en nuestra memoria\u00bb.<\/p>\n<p>usa el codigo de inserscion excato:<\/p>\n<blockquote class=\"instagram-media\" style=\"background: #FFF; border: 0; border-radius: 3px; box-shadow: 0 0 1px 0 rgba(0,0,0,0.5),0 1px 10px 0 rgba(0,0,0,0.15); margin: 1px; max-width: 540px; min-width: 326px; padding: 0; width: calc(100% - 2px);\" data-instgrm-captioned=\"\" data-instgrm-permalink=\"https:\/\/www.instagram.com\/reel\/Db_OgYlI-It\/?utm_source=ig_embed&amp;utm_campaign=loading\" data-instgrm-version=\"14\">\n<div style=\"padding: 16px;\">\n<p>&nbsp;<\/p>\n<div style=\"display: flex; flex-direction: row; align-items: center;\">\n<div style=\"background-color: #f4f4f4; border-radius: 50%; flex-grow: 0; height: 40px; margin-right: 14px; width: 40px;\"><\/div>\n<div style=\"display: flex; flex-direction: column; flex-grow: 1; justify-content: center;\">\n<div style=\"background-color: #f4f4f4; border-radius: 4px; flex-grow: 0; height: 14px; margin-bottom: 6px; width: 100px;\"><\/div>\n<div style=\"background-color: #f4f4f4; border-radius: 4px; flex-grow: 0; height: 14px; width: 60px;\"><\/div>\n<\/div>\n<\/div>\n<div style=\"padding: 19% 0;\"><\/div>\n<div style=\"display: block; height: 50px; margin: 0 auto 12px; width: 50px;\"><\/div>\n<div style=\"padding-top: 8px;\">\n<div style=\"color: #3897f0; font-family: Arial,sans-serif; font-size: 14px; font-style: normal; font-weight: 550; line-height: 18px;\">Ver esta publicaci\u00f3n en Instagram<\/div>\n<\/div>\n<div style=\"padding: 12.5% 0;\"><\/div>\n<div style=\"display: flex; flex-direction: row; margin-bottom: 14px; align-items: center;\">\n<div>\n<div style=\"background-color: #f4f4f4; border-radius: 50%; height: 12.5px; width: 12.5px; transform: translateX(0px) translateY(7px);\"><\/div>\n<div style=\"background-color: #f4f4f4; height: 12.5px; transform: rotate(-45deg) translateX(3px) translateY(1px); width: 12.5px; flex-grow: 0; margin-right: 14px; margin-left: 2px;\"><\/div>\n<div style=\"background-color: #f4f4f4; border-radius: 50%; height: 12.5px; width: 12.5px; transform: translateX(9px) translateY(-18px);\"><\/div>\n<\/div>\n<div style=\"margin-left: 8px;\">\n<div style=\"background-color: #f4f4f4; border-radius: 50%; flex-grow: 0; height: 20px; width: 20px;\"><\/div>\n<div style=\"width: 0; height: 0; border-top: 2px solid transparent; border-left: 6px solid #f4f4f4; border-bottom: 2px solid transparent; transform: translateX(16px) translateY(-4px) rotate(30deg);\"><\/div>\n<\/div>\n<div style=\"margin-left: auto;\">\n<div style=\"width: 0px; border-top: 8px solid #F4F4F4; border-right: 8px solid transparent; transform: translateY(16px);\"><\/div>\n<div style=\"background-color: #f4f4f4; flex-grow: 0; height: 12px; width: 16px; transform: translateY(-4px);\"><\/div>\n<div style=\"width: 0; height: 0; border-top: 8px solid #F4F4F4; border-left: 8px solid transparent; transform: translateY(-4px) translateX(8px);\"><\/div>\n<\/div>\n<\/div>\n<div style=\"display: flex; flex-direction: column; flex-grow: 1; justify-content: center; margin-bottom: 24px;\">\n<div style=\"background-color: #f4f4f4; border-radius: 4px; flex-grow: 0; height: 14px; margin-bottom: 6px; width: 224px;\"><\/div>\n<div style=\"background-color: #f4f4f4; border-radius: 4px; flex-grow: 0; height: 14px; width: 144px;\"><\/div>\n<\/div>\n<p>&nbsp;<\/p>\n<p style=\"color: #c9c8cd; font-family: Arial,sans-serif; font-size: 14px; line-height: 17px; margin-bottom: 0; margin-top: 8px; overflow: hidden; padding: 8px 0 7px; text-align: center; text-overflow: ellipsis; white-space: nowrap;\"><a style=\"color: #c9c8cd; font-family: Arial,sans-serif; font-size: 14px; font-style: normal; font-weight: normal; line-height: 17px; text-decoration: none;\" href=\"https:\/\/www.instagram.com\/reel\/Db_OgYlI-It\/?utm_source=ig_embed&amp;utm_campaign=loading\" target=\"_blank\" rel=\"noopener\">Una publicaci\u00f3n compartida de Cubaactores (@cubaactores)<\/a><\/p>\n<\/div>\n<\/blockquote>\n<p>El homenaje publicado en 2026 confirma que el cumplea\u00f1os de Aurora Basnuevo contin\u00faa siendo una fecha utilizada para recuperar im\u00e1genes, actuaciones y recuerdos de una de las figuras m\u00e1s conocidas de los medios cubanos.<\/p>\n<h2>\u00bfCu\u00e1ntos a\u00f1os habr\u00eda cumplido Aurora Basnuevo?<\/h2>\n<p>Aurora Basnuevo naci\u00f3 el 13 de agosto de 1938, por lo que en el cumplea\u00f1os de Aurora Basnuevo de 2026 habr\u00eda llegado a los 88 a\u00f1os.<\/p>\n<p>La precisi\u00f3n resulta importante porque en versiones anteriores de esta historia aparec\u00eda la edad de 87 a\u00f1os, correspondiente a 2025.<\/p>\n<p>El aniversario n\u00famero 88 de su nacimiento llega cuando han pasado casi cuatro a\u00f1os desde su fallecimiento.<\/p>\n<p>Sin embargo, las nuevas publicaciones en redes demuestran que su presencia contin\u00faa vinculada a personajes, programas y momentos que todav\u00eda reconoce una parte importante del p\u00fablico cubano.<\/p>\n<h2>De maestra normalista a los escenarios<\/h2>\n<p>La historia art\u00edstica de Aurora comenz\u00f3 mucho antes de que el p\u00fablico la conociera como La Mulat\u00edsima.<\/p>\n<p>Creci\u00f3 en una familia que valoraba especialmente la educaci\u00f3n. Sus padres quer\u00edan que fuera maestra y Aurora lleg\u00f3 a estudiar en la Escuela Normal para Maestros de La Habana.<\/p>\n<p>Se gradu\u00f3 muy joven, aunque ya entonces mostraba un fuerte inter\u00e9s por la m\u00fasica y las actividades culturales.<\/p>\n<p>Durante su adolescencia particip\u00f3 en diferentes iniciativas art\u00edsticas. Una de las experiencias que marc\u00f3 el rumbo de su carrera lleg\u00f3 cuando se present\u00f3 en un concurso musical de televisi\u00f3n.<\/p>\n<p>Interpret\u00f3 un bolero y obtuvo el primer premio.<\/p>\n<p>Ese momento confirm\u00f3 una vocaci\u00f3n que terminar\u00eda alej\u00e1ndola poco a poco de las aulas para acercarla a los escenarios, los estudios de radio y los plat\u00f3s de televisi\u00f3n.<\/p>\n<h2>El cumplea\u00f1os de Aurora Basnuevo recuerda tambi\u00e9n sus comienzos musicales<\/h2>\n<p>Antes de consolidarse como actriz, Aurora desarroll\u00f3 una importante relaci\u00f3n con la m\u00fasica.<\/p>\n<p>Cant\u00f3 en teatros, asociaciones estudiantiles y programas radiales. Posteriormente comenz\u00f3 a trabajar en comedias musicales y otras producciones esc\u00e9nicas.<\/p>\n<p>Su capacidad para cantar, interpretar y hacer humor termin\u00f3 convirti\u00e9ndose en una de las caracter\u00edsticas principales de su carrera.<\/p>\n<p>La artista pod\u00eda participar en una escena humor\u00edstica y despu\u00e9s asumir una interpretaci\u00f3n musical sin que el cambio resultara forzado.<\/p>\n<p>Por esa raz\u00f3n, recordar el cumplea\u00f1os de Aurora Basnuevo supone tambi\u00e9n recuperar una trayectoria que nunca estuvo limitada a una sola disciplina.<\/p>\n<h2>Alegr\u00edas de sobremesa y el personaje de Estelvina<\/h2>\n<p>Una parte fundamental de la popularidad de Aurora Basnuevo lleg\u00f3 a trav\u00e9s de la radio.<\/p>\n<p>Durante a\u00f1os form\u00f3 parte de Alegr\u00edas de Sobremesa, uno de los programas humor\u00edsticos m\u00e1s recordados de Radio Progreso.<\/p>\n<p>All\u00ed interpret\u00f3 a Estelvina, personaje que termin\u00f3 profundamente asociado con su voz y su estilo.<\/p>\n<p>El programa reuni\u00f3 a varias figuras importantes del humor cubano y consigui\u00f3 mantener una relaci\u00f3n muy cercana con el p\u00fablico.<\/p>\n<p>Estelvina ten\u00eda humor, picard\u00eda y una manera de hablar que permit\u00eda reconocer inmediatamente a Aurora.<\/p>\n<p>Para muchos cubanos, el cumplea\u00f1os de Aurora Basnuevo tambi\u00e9n funciona como una excusa para regresar a antiguas grabaciones de aquel programa.<\/p>\n<h2>La Mulat\u00edsima, una voz dif\u00edcil de confundir<\/h2>\n<p>El sobrenombre de La Mulat\u00edsima termin\u00f3 convirti\u00e9ndose pr\u00e1cticamente en una segunda identidad art\u00edstica para Aurora.<\/p>\n<p>Su voz era uno de sus recursos m\u00e1s reconocibles.<\/p>\n<p>No depend\u00eda \u00fanicamente del texto escrito para provocar una reacci\u00f3n. Las pausas, la entonaci\u00f3n y la forma de interpretar determinadas frases eran parte esencial de sus personajes.<\/p>\n<p>Ese dominio de la voz explica en buena medida su enorme presencia en la radio.<\/p>\n<p>Tambi\u00e9n ayuda a entender por qu\u00e9, incluso a\u00f1os despu\u00e9s de su fallecimiento, las grabaciones contin\u00faan funcionando como una conexi\u00f3n inmediata con su trabajo.<\/p>\n<h2>San Nicol\u00e1s del Peladero y su paso por la televisi\u00f3n<\/h2>\n<p>Aurora Basnuevo tambi\u00e9n construy\u00f3 una extensa carrera televisiva.<\/p>\n<p>Particip\u00f3 en novelas, programas musicales y espacios humor\u00edsticos. Entre los trabajos m\u00e1s recordados aparece San Nicol\u00e1s del Peladero, uno de los grandes cl\u00e1sicos de la televisi\u00f3n cubana.<\/p>\n<p>El espacio reuni\u00f3 a actores y humoristas que terminaron convirti\u00e9ndose en rostros familiares para varias generaciones.<\/p>\n<p>Aurora encaj\u00f3 perfectamente en ese universo gracias a su capacidad para combinar texto, improvisaci\u00f3n y expresividad.<\/p>\n<p>Tambi\u00e9n estuvo vinculada a Nocturno, otro programa importante dentro de su trayectoria.<\/p>\n<p>El cumplea\u00f1os de Aurora Basnuevo permite as\u00ed recorrer una etapa especialmente significativa de la historia de la radio y la televisi\u00f3n en Cuba.<\/p>\n<h2>Aurora Basnuevo y Mario Limonta<\/h2>\n<p>Hablar de Aurora tambi\u00e9n conduce inevitablemente al actor Mario Limonta, con quien comparti\u00f3 buena parte de su vida.<\/p>\n<p>Fueron pareja durante d\u00e9cadas y coincidieron profesionalmente en diferentes proyectos.<\/p>\n<p>En Alegr\u00edas de Sobremesa, Aurora interpretaba a Estelvina mientras Limonta daba vida a Sandalio, conocido como El Bolao.<\/p>\n<p>La relaci\u00f3n entre ambos funcion\u00f3 tanto fuera como dentro de los estudios.<\/p>\n<p>Sus carreras individuales tuvieron un enorme peso, pero el p\u00fablico tambi\u00e9n los identific\u00f3 durante a\u00f1os como una de las parejas m\u00e1s conocidas del mundo art\u00edstico cubano.<\/p>\n<p>Mario Limonta falleci\u00f3 el 18 de enero de 2025.<\/p>\n<p>Por esa raz\u00f3n, el cumplea\u00f1os de Aurora Basnuevo de 2026 llega en un momento en el que ambos forman ya parte de la memoria hist\u00f3rica de la cultura cubana.<\/p>\n<h2>Una artista capaz de moverse entre el humor y la m\u00fasica<\/h2>\n<p>Aurora no construy\u00f3 su carrera alrededor de una \u00fanica f\u00f3rmula.<\/p>\n<p>Pod\u00eda cantar, actuar, participar en comedias musicales, interpretar personajes radiales y desenvolverse en espacios televisivos.<\/p>\n<p>Tambi\u00e9n trabaj\u00f3 en contenidos dirigidos al p\u00fablico infantil y dej\u00f3 canciones recordadas por varias generaciones.<\/p>\n<p>Su versatilidad permiti\u00f3 que diferentes p\u00fablicos llegaran a ella por caminos distintos.<\/p>\n<p>Algunas personas la recuerdan especialmente por Estelvina. Otras por San Nicol\u00e1s del Peladero, sus apariciones televisivas o sus interpretaciones musicales.<\/p>\n<p>Esa diversidad ayuda a explicar por qu\u00e9 el cumplea\u00f1os de Aurora Basnuevo todav\u00eda encuentra espacio en las redes sociales.<\/p>\n<h2>El humor de Aurora Basnuevo<\/h2>\n<p>Una de sus principales caracter\u00edsticas era la naturalidad.<\/p>\n<p>Aurora pod\u00eda construir una escena humor\u00edstica utilizando apenas una mirada, un cambio en la voz o una respuesta inesperada.<\/p>\n<p>Su manera de interpretar conectaba con c\u00f3digos cotidianos reconocibles para el p\u00fablico cubano.<\/p>\n<p>No necesitaba transformar completamente su personalidad para conseguir una reacci\u00f3n. Buena parte de su humor proced\u00eda precisamente de observar comportamientos, expresiones y situaciones familiares.<\/p>\n<p>Ese estilo termin\u00f3 convirti\u00e9ndose en una de las marcas m\u00e1s caracter\u00edsticas de La Mulat\u00edsima.<\/p>\n<h2>Una mujer con presencia propia en la cultura cubana<\/h2>\n<p>Aurora desarroll\u00f3 su carrera durante d\u00e9cadas en espacios donde numerosos papeles humor\u00edsticos destacados estaban interpretados por hombres.<\/p>\n<p>Sin embargo, consigui\u00f3 construir personajes femeninos con una identidad propia y ocupar un espacio relevante dentro de la radio y la televisi\u00f3n.<\/p>\n<p>Su profesionalidad y capacidad para trabajar en distintos formatos le permitieron mantenerse activa durante muchos a\u00f1os.<\/p>\n<p>Adem\u00e1s, su trayectoria dej\u00f3 un referente para otras actrices interesadas en el humor, la m\u00fasica y los medios de comunicaci\u00f3n.<\/p>\n<p>El cumplea\u00f1os de Aurora Basnuevo permite recordar tambi\u00e9n esa dimensi\u00f3n de su carrera.<\/p>\n<h2>Su fallecimiento en septiembre de 2022<\/h2>\n<p>Aurora Basnuevo falleci\u00f3 el 26 de septiembre de 2022, pocas semanas despu\u00e9s de celebrar su cumplea\u00f1os n\u00famero 84.<\/p>\n<p>La noticia gener\u00f3 numerosos mensajes de despedida entre artistas, instituciones culturales y seguidores.<\/p>\n<p>Su fallecimiento cerr\u00f3 una trayectoria profesional de varias d\u00e9cadas, pero no termin\u00f3 con la circulaci\u00f3n de su obra.<\/p>\n<p>Fragmentos de programas, entrevistas, fotograf\u00edas y antiguas actuaciones contin\u00faan apareciendo en las plataformas digitales.<\/p>\n<p>Ese archivo colectivo ha permitido que personas que no coincidieron con sus a\u00f1os de mayor actividad puedan descubrir ahora parte de su trabajo.<\/p>\n\n","protected":false},"excerpt":{"rendered":"<p>La inolvidable actriz cubana habr\u00eda cumplido 88 a\u00f1os y CubaActores la record\u00f3 en 2026.<\/p>\n","protected":false},"author":10,"featured_media":85613,"comment_status":"open","ping_status":"closed","sticky":false,"template":"","format":"video","meta":{"colormag_page_container_layout":"default_layout","colormag_page_sidebar_layout":"default_layout","wprm-recipe-roundup-name":"","wprm-recipe-roundup-description":"","footnotes":""},"categories":[4032],"tags":[1186],"class_list":["post-85612","post","type-post","status-publish","format-video","has-post-thumbnail","hentry","category-cubanos","tag-artistas-cubanos","post_format-post-format-video"],"yoast_head":"<!-- This site is optimized with the Yoast SEO Premium plugin v24.8 (Yoast SEO v28.4) - https:\/\/yoast.com\/product\/yoast-seo-premium-wordpress\/ -->\n<title>Cumplea\u00f1os de Aurora Basnuevo: as\u00ed recuerdan a La Mulat\u00edsima<\/title>\n<meta name=\"description\" content=\"Cumplea\u00f1os de Aurora Basnuevo: la actriz habr\u00eda cumplido 88 a\u00f1os en 2026 y CubaActores la record\u00f3 con un emotivo homenaje en Instagram.\" \/>\n<meta name=\"robots\" content=\"index, follow, max-snippet:-1, max-image-preview:large, max-video-preview:-1\" \/>\n<link rel=\"canonical\" href=\"https:\/\/www.dimecuba.com\/revista\/cubanos\/cumpleanos-aurora-basnuevo\/\" \/>\n<meta property=\"og:locale\" content=\"es_ES\" \/>\n<meta property=\"og:type\" content=\"article\" \/>\n<meta property=\"og:title\" content=\"Cumplea\u00f1os de Aurora Basnuevo: as\u00ed recuerdan a La Mulat\u00edsima\" \/>\n<meta property=\"og:description\" content=\"La inolvidable actriz cubana habr\u00eda cumplido 88 a\u00f1os y CubaActores la record\u00f3 en 2026.\" \/>\n<meta property=\"og:url\" content=\"https:\/\/www.dimecuba.com\/revista\/cubanos\/cumpleanos-aurora-basnuevo\/\" \/>\n<meta property=\"og:site_name\" content=\"Revista DimeCuba\" \/>\n<meta property=\"article:publisher\" content=\"https:\/\/facebook.com\/DimeCuba\/\" \/>\n<meta property=\"article:published_time\" content=\"2026-08-14T20:32:31+00:00\" \/>\n<meta property=\"article:modified_time\" content=\"2026-08-15T05:51:43+00:00\" \/>\n<meta property=\"og:image\" content=\"https:\/\/www.dimecuba.com\/revista\/wp-content\/uploads\/2023\/08\/actriz-cubana-Aurora-Basnuevo.jpg\" \/>\n\t<meta property=\"og:image:width\" content=\"1280\" \/>\n\t<meta property=\"og:image:height\" content=\"720\" \/>\n\t<meta property=\"og:image:type\" content=\"image\/jpeg\" \/>\n<meta name=\"author\" content=\"Redaccion\" \/>\n<meta name=\"twitter:card\" content=\"summary_large_image\" \/>\n<meta name=\"twitter:description\" content=\"La inolvidable actriz cubana habr\u00eda cumplido 88 a\u00f1os y CubaActores la record\u00f3 en 2026.\" \/>\n<meta name=\"twitter:creator\" content=\"@dimecuba\" \/>\n<meta name=\"twitter:site\" content=\"@dimecuba\" \/>\n<meta name=\"twitter:label1\" content=\"Escrito por\" \/>\n\t<meta name=\"twitter:data1\" content=\"Redaccion\" \/>\n\t<meta name=\"twitter:label2\" content=\"Tiempo de lectura\" \/>\n\t<meta name=\"twitter:data2\" content=\"7 minutos\" \/>\n<script type=\"application\/ld+json\" class=\"yoast-schema-graph\">{\"@context\":\"https:\\\/\\\/schema.org\",\"@graph\":[{\"@type\":\"NewsArticle\",\"@id\":\"https:\\\/\\\/www.dimecuba.com\\\/revista\\\/cubanos\\\/cumpleanos-aurora-basnuevo\\\/#article\",\"isPartOf\":{\"@id\":\"https:\\\/\\\/www.dimecuba.com\\\/revista\\\/cubanos\\\/cumpleanos-aurora-basnuevo\\\/\"},\"author\":{\"name\":\"Redaccion\",\"@id\":\"https:\\\/\\\/www.dimecuba.com\\\/revista\\\/#\\\/schema\\\/person\\\/b532b340aa1009c0ee4f32f3b596dd74\"},\"headline\":\"Cumplea\u00f1os de Aurora Basnuevo: as\u00ed recuerdan a La Mulat\u00edsima\",\"datePublished\":\"2026-08-14T20:32:31+00:00\",\"dateModified\":\"2026-08-15T05:51:43+00:00\",\"mainEntityOfPage\":{\"@id\":\"https:\\\/\\\/www.dimecuba.com\\\/revista\\\/cubanos\\\/cumpleanos-aurora-basnuevo\\\/\"},\"wordCount\":1621,\"commentCount\":0,\"publisher\":{\"@id\":\"https:\\\/\\\/www.dimecuba.com\\\/revista\\\/#organization\"},\"image\":{\"@id\":\"https:\\\/\\\/www.dimecuba.com\\\/revista\\\/cubanos\\\/cumpleanos-aurora-basnuevo\\\/#primaryimage\"},\"thumbnailUrl\":\"https:\\\/\\\/www.dimecuba.com\\\/revista\\\/wp-content\\\/uploads\\\/2023\\\/08\\\/actriz-cubana-Aurora-Basnuevo.webp\",\"keywords\":[\"Artistas Cubanos\"],\"articleSection\":[\"CUBANOS\"],\"inLanguage\":\"es\",\"potentialAction\":[{\"@type\":\"CommentAction\",\"name\":\"Comment\",\"target\":[\"https:\\\/\\\/www.dimecuba.com\\\/revista\\\/cubanos\\\/cumpleanos-aurora-basnuevo\\\/#respond\"]}]},{\"@type\":\"WebPage\",\"@id\":\"https:\\\/\\\/www.dimecuba.com\\\/revista\\\/cubanos\\\/cumpleanos-aurora-basnuevo\\\/\",\"url\":\"https:\\\/\\\/www.dimecuba.com\\\/revista\\\/cubanos\\\/cumpleanos-aurora-basnuevo\\\/\",\"name\":\"Cumplea\u00f1os de Aurora Basnuevo: as\u00ed recuerdan a La Mulat\u00edsima\",\"isPartOf\":{\"@id\":\"https:\\\/\\\/www.dimecuba.com\\\/revista\\\/#website\"},\"primaryImageOfPage\":{\"@id\":\"https:\\\/\\\/www.dimecuba.com\\\/revista\\\/cubanos\\\/cumpleanos-aurora-basnuevo\\\/#primaryimage\"},\"image\":{\"@id\":\"https:\\\/\\\/www.dimecuba.com\\\/revista\\\/cubanos\\\/cumpleanos-aurora-basnuevo\\\/#primaryimage\"},\"thumbnailUrl\":\"https:\\\/\\\/www.dimecuba.com\\\/revista\\\/wp-content\\\/uploads\\\/2023\\\/08\\\/actriz-cubana-Aurora-Basnuevo.webp\",\"datePublished\":\"2026-08-14T20:32:31+00:00\",\"dateModified\":\"2026-08-15T05:51:43+00:00\",\"description\":\"Cumplea\u00f1os de Aurora Basnuevo: la actriz habr\u00eda cumplido 88 a\u00f1os en 2026 y CubaActores la record\u00f3 con un emotivo homenaje en Instagram.\",\"breadcrumb\":{\"@id\":\"https:\\\/\\\/www.dimecuba.com\\\/revista\\\/cubanos\\\/cumpleanos-aurora-basnuevo\\\/#breadcrumb\"},\"inLanguage\":\"es\",\"potentialAction\":[{\"@type\":\"ReadAction\",\"target\":[\"https:\\\/\\\/www.dimecuba.com\\\/revista\\\/cubanos\\\/cumpleanos-aurora-basnuevo\\\/\"]}]},{\"@type\":\"ImageObject\",\"inLanguage\":\"es\",\"@id\":\"https:\\\/\\\/www.dimecuba.com\\\/revista\\\/cubanos\\\/cumpleanos-aurora-basnuevo\\\/#primaryimage\",\"url\":\"https:\\\/\\\/www.dimecuba.com\\\/revista\\\/wp-content\\\/uploads\\\/2023\\\/08\\\/actriz-cubana-Aurora-Basnuevo.webp\",\"contentUrl\":\"https:\\\/\\\/www.dimecuba.com\\\/revista\\\/wp-content\\\/uploads\\\/2023\\\/08\\\/actriz-cubana-Aurora-Basnuevo.webp\",\"width\":1280,\"height\":720,\"caption\":\"Aurora Basnuevo, recordada en el aniversario de su nacimiento\"},{\"@type\":\"BreadcrumbList\",\"@id\":\"https:\\\/\\\/www.dimecuba.com\\\/revista\\\/cubanos\\\/cumpleanos-aurora-basnuevo\\\/#breadcrumb\",\"itemListElement\":[{\"@type\":\"ListItem\",\"position\":1,\"name\":\"Noticias de Cuba\",\"item\":\"https:\\\/\\\/www.dimecuba.com\\\/revista\\\/\"},{\"@type\":\"ListItem\",\"position\":2,\"name\":\"CUBANOS\",\"item\":\"https:\\\/\\\/www.dimecuba.com\\\/revista\\\/cubanos\\\/\"},{\"@type\":\"ListItem\",\"position\":3,\"name\":\"Cumplea\u00f1os de Aurora Basnuevo: as\u00ed recuerdan a La Mulat\u00edsima\"}]},{\"@type\":\"WebSite\",\"@id\":\"https:\\\/\\\/www.dimecuba.com\\\/revista\\\/#website\",\"url\":\"https:\\\/\\\/www.dimecuba.com\\\/revista\\\/\",\"name\":\"Revista DimeCuba\",\"description\":\"\u00daltimas noticias y sucesos de Cuba\",\"publisher\":{\"@id\":\"https:\\\/\\\/www.dimecuba.com\\\/revista\\\/#organization\"},\"potentialAction\":[{\"@type\":\"SearchAction\",\"target\":{\"@type\":\"EntryPoint\",\"urlTemplate\":\"https:\\\/\\\/www.dimecuba.com\\\/revista\\\/?s={search_term_string}\"},\"query-input\":{\"@type\":\"PropertyValueSpecification\",\"valueRequired\":true,\"valueName\":\"search_term_string\"}}],\"inLanguage\":\"es\"},{\"@type\":\"Organization\",\"@id\":\"https:\\\/\\\/www.dimecuba.com\\\/revista\\\/#organization\",\"name\":\"DimeCuba\",\"url\":\"https:\\\/\\\/www.dimecuba.com\\\/revista\\\/\",\"logo\":{\"@type\":\"ImageObject\",\"inLanguage\":\"es\",\"@id\":\"https:\\\/\\\/www.dimecuba.com\\\/revista\\\/#\\\/schema\\\/logo\\\/image\\\/\",\"url\":\"https:\\\/\\\/www.dimecuba.com\\\/revista\\\/wp-content\\\/uploads\\\/2018\\\/10\\\/Revista-DimeCuba-logo-sml-3.png\",\"contentUrl\":\"https:\\\/\\\/www.dimecuba.com\\\/revista\\\/wp-content\\\/uploads\\\/2018\\\/10\\\/Revista-DimeCuba-logo-sml-3.png\",\"width\":201,\"height\":57,\"caption\":\"DimeCuba\"},\"image\":{\"@id\":\"https:\\\/\\\/www.dimecuba.com\\\/revista\\\/#\\\/schema\\\/logo\\\/image\\\/\"},\"sameAs\":[\"https:\\\/\\\/facebook.com\\\/DimeCuba\\\/\",\"https:\\\/\\\/x.com\\\/dimecuba\",\"https:\\\/\\\/www.instagram.com\\\/dimecuba\\\/\",\"https:\\\/\\\/www.linkedin.com\\\/company\\\/dimecuba\",\"https:\\\/\\\/www.youtube.com\\\/dimecubaweb\"]},{\"@type\":\"Person\",\"@id\":\"https:\\\/\\\/www.dimecuba.com\\\/revista\\\/#\\\/schema\\\/person\\\/b532b340aa1009c0ee4f32f3b596dd74\",\"name\":\"Redaccion\",\"image\":{\"@type\":\"ImageObject\",\"inLanguage\":\"es\",\"@id\":\"https:\\\/\\\/secure.gravatar.com\\\/avatar\\\/0c762ed341371f50242139b54874bfe7e2ebe6547d7d9581857376403e9885c6?s=96&d=mm&r=g\",\"url\":\"https:\\\/\\\/secure.gravatar.com\\\/avatar\\\/0c762ed341371f50242139b54874bfe7e2ebe6547d7d9581857376403e9885c6?s=96&d=mm&r=g\",\"contentUrl\":\"https:\\\/\\\/secure.gravatar.com\\\/avatar\\\/0c762ed341371f50242139b54874bfe7e2ebe6547d7d9581857376403e9885c6?s=96&d=mm&r=g\",\"caption\":\"Redaccion\"},\"url\":\"https:\\\/\\\/www.dimecuba.com\\\/revista\\\/author\\\/redaccion-dc\\\/\"}]}<\/script>\n<!-- \/ Yoast SEO Premium plugin. -->","yoast_head_json":{"title":"Cumplea\u00f1os de Aurora Basnuevo: as\u00ed recuerdan a La Mulat\u00edsima","description":"Cumplea\u00f1os de Aurora Basnuevo: la actriz habr\u00eda cumplido 88 a\u00f1os en 2026 y CubaActores la record\u00f3 con un emotivo homenaje en Instagram.","robots":{"index":"index","follow":"follow","max-snippet":"max-snippet:-1","max-image-preview":"max-image-preview:large","max-video-preview":"max-video-preview:-1"},"canonical":"https:\/\/www.dimecuba.com\/revista\/cubanos\/cumpleanos-aurora-basnuevo\/","og_locale":"es_ES","og_type":"article","og_title":"Cumplea\u00f1os de Aurora Basnuevo: as\u00ed recuerdan a La Mulat\u00edsima","og_description":"La inolvidable actriz cubana habr\u00eda cumplido 88 a\u00f1os y CubaActores la record\u00f3 en 2026.","og_url":"https:\/\/www.dimecuba.com\/revista\/cubanos\/cumpleanos-aurora-basnuevo\/","og_site_name":"Revista DimeCuba","article_publisher":"https:\/\/facebook.com\/DimeCuba\/","article_published_time":"2026-08-14T20:32:31+00:00","article_modified_time":"2026-08-15T05:51:43+00:00","og_image":[{"width":1280,"height":720,"url":"https:\/\/www.dimecuba.com\/revista\/wp-content\/uploads\/2023\/08\/actriz-cubana-Aurora-Basnuevo.jpg","type":"image\/jpeg"}],"author":"Redaccion","twitter_card":"summary_large_image","twitter_description":"La inolvidable actriz cubana habr\u00eda cumplido 88 a\u00f1os y CubaActores la record\u00f3 en 2026.","twitter_creator":"@dimecuba","twitter_site":"@dimecuba","twitter_misc":{"Escrito por":"Redaccion","Tiempo de lectura":"7 minutos"},"schema":{"@context":"https:\/\/schema.org","@graph":[{"@type":"NewsArticle","@id":"https:\/\/www.dimecuba.com\/revista\/cubanos\/cumpleanos-aurora-basnuevo\/#article","isPartOf":{"@id":"https:\/\/www.dimecuba.com\/revista\/cubanos\/cumpleanos-aurora-basnuevo\/"},"author":{"name":"Redaccion","@id":"https:\/\/www.dimecuba.com\/revista\/#\/schema\/person\/b532b340aa1009c0ee4f32f3b596dd74"},"headline":"Cumplea\u00f1os de Aurora Basnuevo: as\u00ed recuerdan a La Mulat\u00edsima","datePublished":"2026-08-14T20:32:31+00:00","dateModified":"2026-08-15T05:51:43+00:00","mainEntityOfPage":{"@id":"https:\/\/www.dimecuba.com\/revista\/cubanos\/cumpleanos-aurora-basnuevo\/"},"wordCount":1621,"commentCount":0,"publisher":{"@id":"https:\/\/www.dimecuba.com\/revista\/#organization"},"image":{"@id":"https:\/\/www.dimecuba.com\/revista\/cubanos\/cumpleanos-aurora-basnuevo\/#primaryimage"},"thumbnailUrl":"https:\/\/www.dimecuba.com\/revista\/wp-content\/uploads\/2023\/08\/actriz-cubana-Aurora-Basnuevo.webp","keywords":["Artistas Cubanos"],"articleSection":["CUBANOS"],"inLanguage":"es","potentialAction":[{"@type":"CommentAction","name":"Comment","target":["https:\/\/www.dimecuba.com\/revista\/cubanos\/cumpleanos-aurora-basnuevo\/#respond"]}]},{"@type":"WebPage","@id":"https:\/\/www.dimecuba.com\/revista\/cubanos\/cumpleanos-aurora-basnuevo\/","url":"https:\/\/www.dimecuba.com\/revista\/cubanos\/cumpleanos-aurora-basnuevo\/","name":"Cumplea\u00f1os de Aurora Basnuevo: as\u00ed recuerdan a La Mulat\u00edsima","isPartOf":{"@id":"https:\/\/www.dimecuba.com\/revista\/#website"},"primaryImageOfPage":{"@id":"https:\/\/www.dimecuba.com\/revista\/cubanos\/cumpleanos-aurora-basnuevo\/#primaryimage"},"image":{"@id":"https:\/\/www.dimecuba.com\/revista\/cubanos\/cumpleanos-aurora-basnuevo\/#primaryimage"},"thumbnailUrl":"https:\/\/www.dimecuba.com\/revista\/wp-content\/uploads\/2023\/08\/actriz-cubana-Aurora-Basnuevo.webp","datePublished":"2026-08-14T20:32:31+00:00","dateModified":"2026-08-15T05:51:43+00:00","description":"Cumplea\u00f1os de Aurora Basnuevo: la actriz habr\u00eda cumplido 88 a\u00f1os en 2026 y CubaActores la record\u00f3 con un emotivo homenaje en Instagram.","breadcrumb":{"@id":"https:\/\/www.dimecuba.com\/revista\/cubanos\/cumpleanos-aurora-basnuevo\/#breadcrumb"},"inLanguage":"es","potentialAction":[{"@type":"ReadAction","target":["https:\/\/www.dimecuba.com\/revista\/cubanos\/cumpleanos-aurora-basnuevo\/"]}]},{"@type":"ImageObject","inLanguage":"es","@id":"https:\/\/www.dimecuba.com\/revista\/cubanos\/cumpleanos-aurora-basnuevo\/#primaryimage","url":"https:\/\/www.dimecuba.com\/revista\/wp-content\/uploads\/2023\/08\/actriz-cubana-Aurora-Basnuevo.webp","contentUrl":"https:\/\/www.dimecuba.com\/revista\/wp-content\/uploads\/2023\/08\/actriz-cubana-Aurora-Basnuevo.webp","width":1280,"height":720,"caption":"Aurora Basnuevo, recordada en el aniversario de su nacimiento"},{"@type":"BreadcrumbList","@id":"https:\/\/www.dimecuba.com\/revista\/cubanos\/cumpleanos-aurora-basnuevo\/#breadcrumb","itemListElement":[{"@type":"ListItem","position":1,"name":"Noticias de Cuba","item":"https:\/\/www.dimecuba.com\/revista\/"},{"@type":"ListItem","position":2,"name":"CUBANOS","item":"https:\/\/www.dimecuba.com\/revista\/cubanos\/"},{"@type":"ListItem","position":3,"name":"Cumplea\u00f1os de Aurora Basnuevo: as\u00ed recuerdan a La Mulat\u00edsima"}]},{"@type":"WebSite","@id":"https:\/\/www.dimecuba.com\/revista\/#website","url":"https:\/\/www.dimecuba.com\/revista\/","name":"Revista DimeCuba","description":"\u00daltimas noticias y sucesos de Cuba","publisher":{"@id":"https:\/\/www.dimecuba.com\/revista\/#organization"},"potentialAction":[{"@type":"SearchAction","target":{"@type":"EntryPoint","urlTemplate":"https:\/\/www.dimecuba.com\/revista\/?s={search_term_string}"},"query-input":{"@type":"PropertyValueSpecification","valueRequired":true,"valueName":"search_term_string"}}],"inLanguage":"es"},{"@type":"Organization","@id":"https:\/\/www.dimecuba.com\/revista\/#organization","name":"DimeCuba","url":"https:\/\/www.dimecuba.com\/revista\/","logo":{"@type":"ImageObject","inLanguage":"es","@id":"https:\/\/www.dimecuba.com\/revista\/#\/schema\/logo\/image\/","url":"https:\/\/www.dimecuba.com\/revista\/wp-content\/uploads\/2018\/10\/Revista-DimeCuba-logo-sml-3.png","contentUrl":"https:\/\/www.dimecuba.com\/revista\/wp-content\/uploads\/2018\/10\/Revista-DimeCuba-logo-sml-3.png","width":201,"height":57,"caption":"DimeCuba"},"image":{"@id":"https:\/\/www.dimecuba.com\/revista\/#\/schema\/logo\/image\/"},"sameAs":["https:\/\/facebook.com\/DimeCuba\/","https:\/\/x.com\/dimecuba","https:\/\/www.instagram.com\/dimecuba\/","https:\/\/www.linkedin.com\/company\/dimecuba","https:\/\/www.youtube.com\/dimecubaweb"]},{"@type":"Person","@id":"https:\/\/www.dimecuba.com\/revista\/#\/schema\/person\/b532b340aa1009c0ee4f32f3b596dd74","name":"Redaccion","image":{"@type":"ImageObject","inLanguage":"es","@id":"https:\/\/secure.gravatar.com\/avatar\/0c762ed341371f50242139b54874bfe7e2ebe6547d7d9581857376403e9885c6?s=96&d=mm&r=g","url":"https:\/\/secure.gravatar.com\/avatar\/0c762ed341371f50242139b54874bfe7e2ebe6547d7d9581857376403e9885c6?s=96&d=mm&r=g","contentUrl":"https:\/\/secure.gravatar.com\/avatar\/0c762ed341371f50242139b54874bfe7e2ebe6547d7d9581857376403e9885c6?s=96&d=mm&r=g","caption":"Redaccion"},"url":"https:\/\/www.dimecuba.com\/revista\/author\/redaccion-dc\/"}]}},"_links":{"self":[{"href":"https:\/\/www.dimecuba.com\/revista\/wp-json\/wp\/v2\/posts\/85612","targetHints":{"allow":["GET"]}}],"collection":[{"href":"https:\/\/www.dimecuba.com\/revista\/wp-json\/wp\/v2\/posts"}],"about":[{"href":"https:\/\/www.dimecuba.com\/revista\/wp-json\/wp\/v2\/types\/post"}],"author":[{"embeddable":true,"href":"https:\/\/www.dimecuba.com\/revista\/wp-json\/wp\/v2\/users\/10"}],"replies":[{"embeddable":true,"href":"https:\/\/www.dimecuba.com\/revista\/wp-json\/wp\/v2\/comments?post=85612"}],"version-history":[{"count":0,"href":"https:\/\/www.dimecuba.com\/revista\/wp-json\/wp\/v2\/posts\/85612\/revisions"}],"wp:featuredmedia":[{"embeddable":true,"href":"https:\/\/www.dimecuba.com\/revista\/wp-json\/wp\/v2\/media\/85613"}],"wp:attachment":[{"href":"https:\/\/www.dimecuba.com\/revista\/wp-json\/wp\/v2\/media?parent=85612"}],"wp:term":[{"taxonomy":"category","embeddable":true,"href":"https:\/\/www.dimecuba.com\/revista\/wp-json\/wp\/v2\/categories?post=85612"},{"taxonomy":"post_tag","embeddable":true,"href":"https:\/\/www.dimecuba.com\/revista\/wp-json\/wp\/v2\/tags?post=85612"}],"curies":[{"name":"wp","href":"https:\/\/api.w.org\/{rel}","templated":true}]}}