{"id":91728,"date":"2024-12-06T04:11:38","date_gmt":"2024-12-06T04:11:38","guid":{"rendered":"https:\/\/www.dimecuba.com\/revista\/?p=91728"},"modified":"2024-12-06T04:11:38","modified_gmt":"2024-12-06T04:11:38","slug":"eduardo-antonio-estrella","status":"publish","type":"post","link":"https:\/\/www.dimecuba.com\/revista\/cubanos\/eduardo-antonio-estrella\/","title":{"rendered":"Eduardo Antonio recibe una estrella en Paseo de la Fama"},"content":{"rendered":"<p>El talentoso cantante cubano Eduardo Antonio, conocido cari\u00f1osamente como \u00abEl Divo de Placetas\u00bb, acaba de alcanzar un hito inolvidable en su carrera art\u00edstica al recibir una estrella en el prestigioso Paseo de la Fama de Las Vegas.<\/p>\n<p>Este honor lo posiciona junto a grandes nombres como Gloria y Emilio Estefan, reafirmando su legado en la m\u00fasica y la cultura cubana.<\/p>\n<p>El momento, compartido con emoci\u00f3n a trav\u00e9s de sus redes sociales, muestra a Eduardo Antonio agradeciendo este reconocimiento y recibiendo las felicitaciones de sus miles de seguidores.\u00a0\u00abGracias por este reconocimiento desde Las Vegas\u00bb, dijo el artista.<\/p>\n<h2>De Placetas al estrellato internacional<\/h2>\n<p>Nacido en Placetas, Cuba, Eduardo Antonio tuvo desde joven la ambici\u00f3n de triunfar en el mundo del espect\u00e1culo. Como \u00e9l mismo recuerda: \u00abAlguien me pregunt\u00f3: \u2018\u00bfA qu\u00e9 vas a La Habana?\u2019 Y le dije: \u2018A hacerme una estrella.\u2019 Se hizo realidad lo que sali\u00f3 de mis palabras\u00bb.<\/p>\n<p>Su carrera despeg\u00f3 con presentaciones en programas emblem\u00e1ticos como \u00abPalmas y Ca\u00f1as\u00bb, donde su talento fue apadrinado por figuras legendarias como Celina Gonz\u00e1lez y Ram\u00f3n Veloz. M\u00e1s tarde, su estilo \u00fanico y su versatilidad lo llevaron a ser la primera figura de Tropicana, una de las plataformas m\u00e1s importantes para artistas cubanos.<\/p>\n<p>Sin embargo, su ambici\u00f3n no conoc\u00eda l\u00edmites. Eduardo Antonio dej\u00f3 Cuba en busca de nuevas oportunidades, estableci\u00e9ndose en M\u00e9xico, donde brill\u00f3 en telenovelas, bandas sonoras y espect\u00e1culos en vivo. Este salto lo internacionaliz\u00f3, consolid\u00e1ndolo como uno de los artistas cubanos m\u00e1s destacados de su generaci\u00f3n.<\/p>\n<p>Eduardo Antonio es m\u00e1s que un cantante; es un \u00edcono de estilo y una figura que ha desafiado estereotipos. Su vestuario ecl\u00e9ctico y maximalista es una extensi\u00f3n de su personalidad. Como \u00e9l mismo afirma: \u00abSi alguien critica mi vestuario, me pongo m\u00e1s brillos y lentejuelas. Al que no quiere caldo, le doy tres tazas\u00bb.<\/p>\n<p>Adem\u00e1s, Eduardo Antonio es una figura que inspira autenticidad. En los \u00faltimos a\u00f1os, hizo p\u00fablica su relaci\u00f3n con su esposo y productor, Roy Garc\u00eda, mostrando que el amor y el respeto son fundamentales en su vida.<\/p>\n<blockquote class=\"instagram-media\" style=\"background: #FFF; border: 0; border-radius: 3px; box-shadow: 0 0 1px 0 rgba(0,0,0,0.5),0 1px 10px 0 rgba(0,0,0,0.15); margin: 1px; max-width: 540px; min-width: 326px; padding: 0; width: calc(100% - 2px);\" data-instgrm-captioned=\"\" data-instgrm-permalink=\"https:\/\/www.instagram.com\/reel\/DDHu_W-Rr_k\/?utm_source=ig_embed&amp;utm_campaign=loading\" data-instgrm-version=\"14\">\n<div style=\"padding: 16px;\">\n<p>&nbsp;<\/p>\n<div style=\"display: flex; flex-direction: row; align-items: center;\">\n<div style=\"background-color: #f4f4f4; border-radius: 50%; flex-grow: 0; height: 40px; margin-right: 14px; width: 40px;\"><\/div>\n<div style=\"display: flex; flex-direction: column; flex-grow: 1; justify-content: center;\">\n<div style=\"background-color: #f4f4f4; border-radius: 4px; flex-grow: 0; height: 14px; margin-bottom: 6px; width: 100px;\"><\/div>\n<div style=\"background-color: #f4f4f4; border-radius: 4px; flex-grow: 0; height: 14px; width: 60px;\"><\/div>\n<\/div>\n<\/div>\n<div style=\"padding: 19% 0;\"><\/div>\n<div style=\"display: block; height: 50px; margin: 0 auto 12px; width: 50px;\"><\/div>\n<div style=\"padding-top: 8px;\">\n<div style=\"color: #3897f0; font-family: Arial,sans-serif; font-size: 14px; font-style: normal; font-weight: 550; line-height: 18px;\">View this post on Instagram<\/div>\n<\/div>\n<div style=\"padding: 12.5% 0;\"><\/div>\n<div style=\"display: flex; flex-direction: row; margin-bottom: 14px; align-items: center;\">\n<div>\n<div style=\"background-color: #f4f4f4; border-radius: 50%; height: 12.5px; width: 12.5px; transform: translateX(0px) translateY(7px);\"><\/div>\n<div style=\"background-color: #f4f4f4; height: 12.5px; transform: rotate(-45deg) translateX(3px) translateY(1px); width: 12.5px; flex-grow: 0; margin-right: 14px; margin-left: 2px;\"><\/div>\n<div style=\"background-color: #f4f4f4; border-radius: 50%; height: 12.5px; width: 12.5px; transform: translateX(9px) translateY(-18px);\"><\/div>\n<\/div>\n<div style=\"margin-left: 8px;\">\n<div style=\"background-color: #f4f4f4; border-radius: 50%; flex-grow: 0; height: 20px; width: 20px;\"><\/div>\n<div style=\"width: 0; height: 0; border-top: 2px solid transparent; border-left: 6px solid #f4f4f4; border-bottom: 2px solid transparent; transform: translateX(16px) translateY(-4px) rotate(30deg);\"><\/div>\n<\/div>\n<div style=\"margin-left: auto;\">\n<div style=\"width: 0px; border-top: 8px solid #F4F4F4; border-right: 8px solid transparent; transform: translateY(16px);\"><\/div>\n<div style=\"background-color: #f4f4f4; flex-grow: 0; height: 12px; width: 16px; transform: translateY(-4px);\"><\/div>\n<div style=\"width: 0; height: 0; border-top: 8px solid #F4F4F4; border-left: 8px solid transparent; transform: translateY(-4px) translateX(8px);\"><\/div>\n<\/div>\n<\/div>\n<div style=\"display: flex; flex-direction: column; flex-grow: 1; justify-content: center; margin-bottom: 24px;\">\n<div style=\"background-color: #f4f4f4; border-radius: 4px; flex-grow: 0; height: 14px; margin-bottom: 6px; width: 224px;\"><\/div>\n<div style=\"background-color: #f4f4f4; border-radius: 4px; flex-grow: 0; height: 14px; width: 144px;\"><\/div>\n<\/div>\n<p>&nbsp;<\/p>\n<p style=\"color: #c9c8cd; font-family: Arial,sans-serif; font-size: 14px; line-height: 17px; margin-bottom: 0; margin-top: 8px; overflow: hidden; padding: 8px 0 7px; text-align: center; text-overflow: ellipsis; white-space: nowrap;\"><a style=\"color: #c9c8cd; font-family: Arial,sans-serif; font-size: 14px; font-style: normal; font-weight: normal; line-height: 17px; text-decoration: none;\" href=\"https:\/\/www.instagram.com\/reel\/DDHu_W-Rr_k\/?utm_source=ig_embed&amp;utm_campaign=loading\" target=\"_blank\" rel=\"noopener\">A post shared by Eduardo Antonio (@eldivodeplacetas)<\/a><\/p>\n<\/div>\n<\/blockquote>\n<p><script async src=\"\/\/www.instagram.com\/embed.js\"><\/script><\/p>\n<p>La contribuci\u00f3n de Eduardo Antonio a la m\u00fasica cubana es indiscutible. Su capacidad para fusionar g\u00e9neros tradicionales como la m\u00fasica guajira con ritmos m\u00e1s contempor\u00e1neos ha dejado una huella imborrable. Desde los escenarios de Tropicana hasta las pantallas de la televisi\u00f3n mexicana, ha llevado la esencia de Cuba al mundo entero.<\/p>\n<p>En este contexto, recibir una estrella en el Paseo de la Fama de Las Vegas no solo es un reconocimiento a su talento, sino tambi\u00e9n a su esfuerzo por mantener viva la cultura cubana en cada escenario que pisa.<\/p>\n<h2>Sobre su vida y carrera<\/h2>\n<p>Eduardo Antonio declara: \u00abTuve una infancia extremadamente feliz con unos padres maravillosos. Mi pap\u00e1 me ense\u00f1\u00f3 a tocar la guitarra y mi mam\u00e1 me llev\u00f3 un d\u00eda en un tren de Placetas a La Habana. Todo lo que soy se lo debo a mis palabras, a mi esfuerzo y a quienes creyeron en m\u00ed\u00bb.<\/p>\n<p>Adem\u00e1s, al reflexionar sobre el futuro, asegura: \u201cSi Dios quiere y me da licencia, voy a estar espectacular. Seguir\u00e9 vivo&#8230; y estiradito.\u201d<\/p>\n<p>Con este reconocimiento, Eduardo Antonio se une a un selecto grupo de artistas cubanos que han sido honrados en el Paseo de la Fama de Las Vegas. Este logro no solo celebra su talento, sino que tambi\u00e9n inspira a una nueva generaci\u00f3n de artistas que sue\u00f1an con dejar su huella en el mundo.<\/p>\n<p>Sin duda, la estrella de Eduardo Antonio en Las Vegas es un recordatorio de que, con esfuerzo y dedicaci\u00f3n, los sue\u00f1os pueden hacerse realidad.<\/p>\n\n","protected":false},"excerpt":{"rendered":"<p>Eduardo Antonio, \u00abEl Divo de Placetas\u00bb, recibe una estrella en el Paseo de la Fama de Las Vegas.<\/p>\n","protected":false},"author":13,"featured_media":91730,"comment_status":"open","ping_status":"closed","sticky":false,"template":"","format":"standard","meta":{"colormag_page_container_layout":"default_layout","colormag_page_sidebar_layout":"default_layout","wprm-recipe-roundup-name":"","wprm-recipe-roundup-description":"","footnotes":""},"categories":[4032],"tags":[],"class_list":["post-91728","post","type-post","status-publish","format-standard","has-post-thumbnail","hentry","category-cubanos"],"yoast_head":"<!-- This site is optimized with the Yoast SEO Premium plugin v24.8 (Yoast SEO v28.3) - https:\/\/yoast.com\/product\/yoast-seo-premium-wordpress\/ -->\n<title>Eduardo Antonio recibe una estrella en Paseo de la Fama<\/title>\n<meta name=\"description\" content=\"Eduardo Antonio recibe estrella en el Paseo de la Fama de Las Vegas, consolidando su carrera como uno de los artistas cubanos m\u00e1s influyentes.\" \/>\n<meta name=\"robots\" content=\"index, follow, max-snippet:-1, max-image-preview:large, max-video-preview:-1\" \/>\n<link rel=\"canonical\" href=\"https:\/\/www.dimecuba.com\/revista\/cubanos\/eduardo-antonio-estrella\/\" \/>\n<meta property=\"og:locale\" content=\"es_ES\" \/>\n<meta property=\"og:type\" content=\"article\" \/>\n<meta property=\"og:title\" content=\"Eduardo Antonio recibe una estrella en Paseo de la Fama\" \/>\n<meta property=\"og:description\" content=\"Eduardo Antonio, &quot;El Divo de Placetas&quot;, recibe una estrella en el Paseo de la Fama de Las Vegas.\" \/>\n<meta property=\"og:url\" content=\"https:\/\/www.dimecuba.com\/revista\/cubanos\/eduardo-antonio-estrella\/\" \/>\n<meta property=\"og:site_name\" content=\"Revista DimeCuba\" \/>\n<meta property=\"article:publisher\" content=\"https:\/\/facebook.com\/DimeCuba\/\" \/>\n<meta property=\"article:published_time\" content=\"2024-12-06T04:11:38+00:00\" \/>\n<meta property=\"og:image\" content=\"https:\/\/www.dimecuba.com\/revista\/wp-content\/uploads\/2024\/12\/eduardo-antonio-estrella.png\" \/>\n\t<meta property=\"og:image:width\" content=\"1280\" \/>\n\t<meta property=\"og:image:height\" content=\"670\" \/>\n\t<meta property=\"og:image:type\" content=\"image\/png\" \/>\n<meta name=\"author\" content=\"Redacci\u00f3n\" \/>\n<meta name=\"twitter:card\" content=\"summary_large_image\" \/>\n<meta name=\"twitter:description\" content=\"Eduardo Antonio, &quot;El Divo de Placetas&quot;, recibe una estrella en el Paseo de la Fama de Las Vegas.\" \/>\n<meta name=\"twitter:creator\" content=\"@dimecuba\" \/>\n<meta name=\"twitter:site\" content=\"@dimecuba\" \/>\n<meta name=\"twitter:label1\" content=\"Escrito por\" \/>\n\t<meta name=\"twitter:data1\" content=\"Redacci\u00f3n\" \/>\n\t<meta name=\"twitter:label2\" content=\"Tiempo de lectura\" \/>\n\t<meta name=\"twitter:data2\" content=\"3 minutos\" \/>\n<script type=\"application\/ld+json\" class=\"yoast-schema-graph\">{\"@context\":\"https:\\\/\\\/schema.org\",\"@graph\":[{\"@type\":\"NewsArticle\",\"@id\":\"https:\\\/\\\/www.dimecuba.com\\\/revista\\\/cubanos\\\/eduardo-antonio-estrella\\\/#article\",\"isPartOf\":{\"@id\":\"https:\\\/\\\/www.dimecuba.com\\\/revista\\\/cubanos\\\/eduardo-antonio-estrella\\\/\"},\"author\":{\"name\":\"Redacci\u00f3n\",\"@id\":\"https:\\\/\\\/www.dimecuba.com\\\/revista\\\/#\\\/schema\\\/person\\\/a95cec0041795e625b7a764faccf8c52\"},\"headline\":\"Eduardo Antonio recibe una estrella en Paseo de la Fama\",\"datePublished\":\"2024-12-06T04:11:38+00:00\",\"mainEntityOfPage\":{\"@id\":\"https:\\\/\\\/www.dimecuba.com\\\/revista\\\/cubanos\\\/eduardo-antonio-estrella\\\/\"},\"wordCount\":657,\"commentCount\":0,\"publisher\":{\"@id\":\"https:\\\/\\\/www.dimecuba.com\\\/revista\\\/#organization\"},\"image\":{\"@id\":\"https:\\\/\\\/www.dimecuba.com\\\/revista\\\/cubanos\\\/eduardo-antonio-estrella\\\/#primaryimage\"},\"thumbnailUrl\":\"https:\\\/\\\/www.dimecuba.com\\\/revista\\\/wp-content\\\/uploads\\\/2024\\\/12\\\/eduardo-antonio-estrella.png\",\"articleSection\":[\"CUBANOS\"],\"inLanguage\":\"es\",\"potentialAction\":[{\"@type\":\"CommentAction\",\"name\":\"Comment\",\"target\":[\"https:\\\/\\\/www.dimecuba.com\\\/revista\\\/cubanos\\\/eduardo-antonio-estrella\\\/#respond\"]}]},{\"@type\":\"WebPage\",\"@id\":\"https:\\\/\\\/www.dimecuba.com\\\/revista\\\/cubanos\\\/eduardo-antonio-estrella\\\/\",\"url\":\"https:\\\/\\\/www.dimecuba.com\\\/revista\\\/cubanos\\\/eduardo-antonio-estrella\\\/\",\"name\":\"Eduardo Antonio recibe una estrella en Paseo de la Fama\",\"isPartOf\":{\"@id\":\"https:\\\/\\\/www.dimecuba.com\\\/revista\\\/#website\"},\"primaryImageOfPage\":{\"@id\":\"https:\\\/\\\/www.dimecuba.com\\\/revista\\\/cubanos\\\/eduardo-antonio-estrella\\\/#primaryimage\"},\"image\":{\"@id\":\"https:\\\/\\\/www.dimecuba.com\\\/revista\\\/cubanos\\\/eduardo-antonio-estrella\\\/#primaryimage\"},\"thumbnailUrl\":\"https:\\\/\\\/www.dimecuba.com\\\/revista\\\/wp-content\\\/uploads\\\/2024\\\/12\\\/eduardo-antonio-estrella.png\",\"datePublished\":\"2024-12-06T04:11:38+00:00\",\"description\":\"Eduardo Antonio recibe estrella en el Paseo de la Fama de Las Vegas, consolidando su carrera como uno de los artistas cubanos m\u00e1s influyentes.\",\"breadcrumb\":{\"@id\":\"https:\\\/\\\/www.dimecuba.com\\\/revista\\\/cubanos\\\/eduardo-antonio-estrella\\\/#breadcrumb\"},\"inLanguage\":\"es\",\"potentialAction\":[{\"@type\":\"ReadAction\",\"target\":[\"https:\\\/\\\/www.dimecuba.com\\\/revista\\\/cubanos\\\/eduardo-antonio-estrella\\\/\"]}]},{\"@type\":\"ImageObject\",\"inLanguage\":\"es\",\"@id\":\"https:\\\/\\\/www.dimecuba.com\\\/revista\\\/cubanos\\\/eduardo-antonio-estrella\\\/#primaryimage\",\"url\":\"https:\\\/\\\/www.dimecuba.com\\\/revista\\\/wp-content\\\/uploads\\\/2024\\\/12\\\/eduardo-antonio-estrella.png\",\"contentUrl\":\"https:\\\/\\\/www.dimecuba.com\\\/revista\\\/wp-content\\\/uploads\\\/2024\\\/12\\\/eduardo-antonio-estrella.png\",\"width\":1280,\"height\":670,\"caption\":\"Eduardo Antonio agradece emocionado su estrella en el Paseo de la Fama de Las Vegas.\"},{\"@type\":\"BreadcrumbList\",\"@id\":\"https:\\\/\\\/www.dimecuba.com\\\/revista\\\/cubanos\\\/eduardo-antonio-estrella\\\/#breadcrumb\",\"itemListElement\":[{\"@type\":\"ListItem\",\"position\":1,\"name\":\"Noticias de Cuba\",\"item\":\"https:\\\/\\\/www.dimecuba.com\\\/revista\\\/\"},{\"@type\":\"ListItem\",\"position\":2,\"name\":\"CUBANOS\",\"item\":\"https:\\\/\\\/www.dimecuba.com\\\/revista\\\/cubanos\\\/\"},{\"@type\":\"ListItem\",\"position\":3,\"name\":\"Eduardo Antonio recibe una estrella en Paseo de la Fama\"}]},{\"@type\":\"WebSite\",\"@id\":\"https:\\\/\\\/www.dimecuba.com\\\/revista\\\/#website\",\"url\":\"https:\\\/\\\/www.dimecuba.com\\\/revista\\\/\",\"name\":\"Revista DimeCuba\",\"description\":\"\u00daltimas noticias y sucesos de Cuba\",\"publisher\":{\"@id\":\"https:\\\/\\\/www.dimecuba.com\\\/revista\\\/#organization\"},\"potentialAction\":[{\"@type\":\"SearchAction\",\"target\":{\"@type\":\"EntryPoint\",\"urlTemplate\":\"https:\\\/\\\/www.dimecuba.com\\\/revista\\\/?s={search_term_string}\"},\"query-input\":{\"@type\":\"PropertyValueSpecification\",\"valueRequired\":true,\"valueName\":\"search_term_string\"}}],\"inLanguage\":\"es\"},{\"@type\":\"Organization\",\"@id\":\"https:\\\/\\\/www.dimecuba.com\\\/revista\\\/#organization\",\"name\":\"DimeCuba\",\"url\":\"https:\\\/\\\/www.dimecuba.com\\\/revista\\\/\",\"logo\":{\"@type\":\"ImageObject\",\"inLanguage\":\"es\",\"@id\":\"https:\\\/\\\/www.dimecuba.com\\\/revista\\\/#\\\/schema\\\/logo\\\/image\\\/\",\"url\":\"https:\\\/\\\/www.dimecuba.com\\\/revista\\\/wp-content\\\/uploads\\\/2018\\\/10\\\/Revista-DimeCuba-logo-sml-3.png\",\"contentUrl\":\"https:\\\/\\\/www.dimecuba.com\\\/revista\\\/wp-content\\\/uploads\\\/2018\\\/10\\\/Revista-DimeCuba-logo-sml-3.png\",\"width\":201,\"height\":57,\"caption\":\"DimeCuba\"},\"image\":{\"@id\":\"https:\\\/\\\/www.dimecuba.com\\\/revista\\\/#\\\/schema\\\/logo\\\/image\\\/\"},\"sameAs\":[\"https:\\\/\\\/facebook.com\\\/DimeCuba\\\/\",\"https:\\\/\\\/x.com\\\/dimecuba\",\"https:\\\/\\\/www.instagram.com\\\/dimecuba\\\/\",\"https:\\\/\\\/www.linkedin.com\\\/company\\\/dimecuba\",\"https:\\\/\\\/www.youtube.com\\\/dimecubaweb\"]},{\"@type\":\"Person\",\"@id\":\"https:\\\/\\\/www.dimecuba.com\\\/revista\\\/#\\\/schema\\\/person\\\/a95cec0041795e625b7a764faccf8c52\",\"name\":\"Redacci\u00f3n\",\"image\":{\"@type\":\"ImageObject\",\"inLanguage\":\"es\",\"@id\":\"https:\\\/\\\/secure.gravatar.com\\\/avatar\\\/129d2b0487c25b1eec40b85bd0426a1b949ad13e3ea21697124b5c81cf8053db?s=96&d=mm&r=g\",\"url\":\"https:\\\/\\\/secure.gravatar.com\\\/avatar\\\/129d2b0487c25b1eec40b85bd0426a1b949ad13e3ea21697124b5c81cf8053db?s=96&d=mm&r=g\",\"contentUrl\":\"https:\\\/\\\/secure.gravatar.com\\\/avatar\\\/129d2b0487c25b1eec40b85bd0426a1b949ad13e3ea21697124b5c81cf8053db?s=96&d=mm&r=g\",\"caption\":\"Redacci\u00f3n\"},\"url\":\"https:\\\/\\\/www.dimecuba.com\\\/revista\\\/author\\\/redacciondc\\\/\"}]}<\/script>\n<!-- \/ Yoast SEO Premium plugin. -->","yoast_head_json":{"title":"Eduardo Antonio recibe una estrella en Paseo de la Fama","description":"Eduardo Antonio recibe estrella en el Paseo de la Fama de Las Vegas, consolidando su carrera como uno de los artistas cubanos m\u00e1s influyentes.","robots":{"index":"index","follow":"follow","max-snippet":"max-snippet:-1","max-image-preview":"max-image-preview:large","max-video-preview":"max-video-preview:-1"},"canonical":"https:\/\/www.dimecuba.com\/revista\/cubanos\/eduardo-antonio-estrella\/","og_locale":"es_ES","og_type":"article","og_title":"Eduardo Antonio recibe una estrella en Paseo de la Fama","og_description":"Eduardo Antonio, \"El Divo de Placetas\", recibe una estrella en el Paseo de la Fama de Las Vegas.","og_url":"https:\/\/www.dimecuba.com\/revista\/cubanos\/eduardo-antonio-estrella\/","og_site_name":"Revista DimeCuba","article_publisher":"https:\/\/facebook.com\/DimeCuba\/","article_published_time":"2024-12-06T04:11:38+00:00","og_image":[{"width":1280,"height":670,"url":"https:\/\/www.dimecuba.com\/revista\/wp-content\/uploads\/2024\/12\/eduardo-antonio-estrella.png","type":"image\/png"}],"author":"Redacci\u00f3n","twitter_card":"summary_large_image","twitter_description":"Eduardo Antonio, \"El Divo de Placetas\", recibe una estrella en el Paseo de la Fama de Las Vegas.","twitter_creator":"@dimecuba","twitter_site":"@dimecuba","twitter_misc":{"Escrito por":"Redacci\u00f3n","Tiempo de lectura":"3 minutos"},"schema":{"@context":"https:\/\/schema.org","@graph":[{"@type":"NewsArticle","@id":"https:\/\/www.dimecuba.com\/revista\/cubanos\/eduardo-antonio-estrella\/#article","isPartOf":{"@id":"https:\/\/www.dimecuba.com\/revista\/cubanos\/eduardo-antonio-estrella\/"},"author":{"name":"Redacci\u00f3n","@id":"https:\/\/www.dimecuba.com\/revista\/#\/schema\/person\/a95cec0041795e625b7a764faccf8c52"},"headline":"Eduardo Antonio recibe una estrella en Paseo de la Fama","datePublished":"2024-12-06T04:11:38+00:00","mainEntityOfPage":{"@id":"https:\/\/www.dimecuba.com\/revista\/cubanos\/eduardo-antonio-estrella\/"},"wordCount":657,"commentCount":0,"publisher":{"@id":"https:\/\/www.dimecuba.com\/revista\/#organization"},"image":{"@id":"https:\/\/www.dimecuba.com\/revista\/cubanos\/eduardo-antonio-estrella\/#primaryimage"},"thumbnailUrl":"https:\/\/www.dimecuba.com\/revista\/wp-content\/uploads\/2024\/12\/eduardo-antonio-estrella.png","articleSection":["CUBANOS"],"inLanguage":"es","potentialAction":[{"@type":"CommentAction","name":"Comment","target":["https:\/\/www.dimecuba.com\/revista\/cubanos\/eduardo-antonio-estrella\/#respond"]}]},{"@type":"WebPage","@id":"https:\/\/www.dimecuba.com\/revista\/cubanos\/eduardo-antonio-estrella\/","url":"https:\/\/www.dimecuba.com\/revista\/cubanos\/eduardo-antonio-estrella\/","name":"Eduardo Antonio recibe una estrella en Paseo de la Fama","isPartOf":{"@id":"https:\/\/www.dimecuba.com\/revista\/#website"},"primaryImageOfPage":{"@id":"https:\/\/www.dimecuba.com\/revista\/cubanos\/eduardo-antonio-estrella\/#primaryimage"},"image":{"@id":"https:\/\/www.dimecuba.com\/revista\/cubanos\/eduardo-antonio-estrella\/#primaryimage"},"thumbnailUrl":"https:\/\/www.dimecuba.com\/revista\/wp-content\/uploads\/2024\/12\/eduardo-antonio-estrella.png","datePublished":"2024-12-06T04:11:38+00:00","description":"Eduardo Antonio recibe estrella en el Paseo de la Fama de Las Vegas, consolidando su carrera como uno de los artistas cubanos m\u00e1s influyentes.","breadcrumb":{"@id":"https:\/\/www.dimecuba.com\/revista\/cubanos\/eduardo-antonio-estrella\/#breadcrumb"},"inLanguage":"es","potentialAction":[{"@type":"ReadAction","target":["https:\/\/www.dimecuba.com\/revista\/cubanos\/eduardo-antonio-estrella\/"]}]},{"@type":"ImageObject","inLanguage":"es","@id":"https:\/\/www.dimecuba.com\/revista\/cubanos\/eduardo-antonio-estrella\/#primaryimage","url":"https:\/\/www.dimecuba.com\/revista\/wp-content\/uploads\/2024\/12\/eduardo-antonio-estrella.png","contentUrl":"https:\/\/www.dimecuba.com\/revista\/wp-content\/uploads\/2024\/12\/eduardo-antonio-estrella.png","width":1280,"height":670,"caption":"Eduardo Antonio agradece emocionado su estrella en el Paseo de la Fama de Las Vegas."},{"@type":"BreadcrumbList","@id":"https:\/\/www.dimecuba.com\/revista\/cubanos\/eduardo-antonio-estrella\/#breadcrumb","itemListElement":[{"@type":"ListItem","position":1,"name":"Noticias de Cuba","item":"https:\/\/www.dimecuba.com\/revista\/"},{"@type":"ListItem","position":2,"name":"CUBANOS","item":"https:\/\/www.dimecuba.com\/revista\/cubanos\/"},{"@type":"ListItem","position":3,"name":"Eduardo Antonio recibe una estrella en Paseo de la Fama"}]},{"@type":"WebSite","@id":"https:\/\/www.dimecuba.com\/revista\/#website","url":"https:\/\/www.dimecuba.com\/revista\/","name":"Revista DimeCuba","description":"\u00daltimas noticias y sucesos de Cuba","publisher":{"@id":"https:\/\/www.dimecuba.com\/revista\/#organization"},"potentialAction":[{"@type":"SearchAction","target":{"@type":"EntryPoint","urlTemplate":"https:\/\/www.dimecuba.com\/revista\/?s={search_term_string}"},"query-input":{"@type":"PropertyValueSpecification","valueRequired":true,"valueName":"search_term_string"}}],"inLanguage":"es"},{"@type":"Organization","@id":"https:\/\/www.dimecuba.com\/revista\/#organization","name":"DimeCuba","url":"https:\/\/www.dimecuba.com\/revista\/","logo":{"@type":"ImageObject","inLanguage":"es","@id":"https:\/\/www.dimecuba.com\/revista\/#\/schema\/logo\/image\/","url":"https:\/\/www.dimecuba.com\/revista\/wp-content\/uploads\/2018\/10\/Revista-DimeCuba-logo-sml-3.png","contentUrl":"https:\/\/www.dimecuba.com\/revista\/wp-content\/uploads\/2018\/10\/Revista-DimeCuba-logo-sml-3.png","width":201,"height":57,"caption":"DimeCuba"},"image":{"@id":"https:\/\/www.dimecuba.com\/revista\/#\/schema\/logo\/image\/"},"sameAs":["https:\/\/facebook.com\/DimeCuba\/","https:\/\/x.com\/dimecuba","https:\/\/www.instagram.com\/dimecuba\/","https:\/\/www.linkedin.com\/company\/dimecuba","https:\/\/www.youtube.com\/dimecubaweb"]},{"@type":"Person","@id":"https:\/\/www.dimecuba.com\/revista\/#\/schema\/person\/a95cec0041795e625b7a764faccf8c52","name":"Redacci\u00f3n","image":{"@type":"ImageObject","inLanguage":"es","@id":"https:\/\/secure.gravatar.com\/avatar\/129d2b0487c25b1eec40b85bd0426a1b949ad13e3ea21697124b5c81cf8053db?s=96&d=mm&r=g","url":"https:\/\/secure.gravatar.com\/avatar\/129d2b0487c25b1eec40b85bd0426a1b949ad13e3ea21697124b5c81cf8053db?s=96&d=mm&r=g","contentUrl":"https:\/\/secure.gravatar.com\/avatar\/129d2b0487c25b1eec40b85bd0426a1b949ad13e3ea21697124b5c81cf8053db?s=96&d=mm&r=g","caption":"Redacci\u00f3n"},"url":"https:\/\/www.dimecuba.com\/revista\/author\/redacciondc\/"}]}},"_links":{"self":[{"href":"https:\/\/www.dimecuba.com\/revista\/wp-json\/wp\/v2\/posts\/91728","targetHints":{"allow":["GET"]}}],"collection":[{"href":"https:\/\/www.dimecuba.com\/revista\/wp-json\/wp\/v2\/posts"}],"about":[{"href":"https:\/\/www.dimecuba.com\/revista\/wp-json\/wp\/v2\/types\/post"}],"author":[{"embeddable":true,"href":"https:\/\/www.dimecuba.com\/revista\/wp-json\/wp\/v2\/users\/13"}],"replies":[{"embeddable":true,"href":"https:\/\/www.dimecuba.com\/revista\/wp-json\/wp\/v2\/comments?post=91728"}],"version-history":[{"count":0,"href":"https:\/\/www.dimecuba.com\/revista\/wp-json\/wp\/v2\/posts\/91728\/revisions"}],"wp:featuredmedia":[{"embeddable":true,"href":"https:\/\/www.dimecuba.com\/revista\/wp-json\/wp\/v2\/media\/91730"}],"wp:attachment":[{"href":"https:\/\/www.dimecuba.com\/revista\/wp-json\/wp\/v2\/media?parent=91728"}],"wp:term":[{"taxonomy":"category","embeddable":true,"href":"https:\/\/www.dimecuba.com\/revista\/wp-json\/wp\/v2\/categories?post=91728"},{"taxonomy":"post_tag","embeddable":true,"href":"https:\/\/www.dimecuba.com\/revista\/wp-json\/wp\/v2\/tags?post=91728"}],"curies":[{"name":"wp","href":"https:\/\/api.w.org\/{rel}","templated":true}]}}