{"id":94614,"date":"2025-09-02T07:39:23","date_gmt":"2025-09-02T07:39:23","guid":{"rendered":"https:\/\/www.dimecuba.com\/revista\/?p=94614"},"modified":"2025-09-02T07:39:23","modified_gmt":"2025-09-02T07:39:23","slug":"amelia-earhart-habana","status":"publish","type":"post","link":"https:\/\/www.dimecuba.com\/revista\/noticias-cuba\/amelia-earhart-habana\/","title":{"rendered":"Amelia Earhart en La Habana: la visita que cambi\u00f3 la historia de la aviaci\u00f3n"},"content":{"rendered":"<p>En enero de 1929, La Habana no solo fue testigo de un hecho hist\u00f3rico para la aviaci\u00f3n comercial, sino tambi\u00e9n del fugaz paso de una leyenda: Amelia Earhart en La Habana.<\/p>\n<p>Fue un acontecimiento cuidadosamente planeado por Pan American Airways para promover su expansi\u00f3n por Am\u00e9rica Latina, pero termin\u00f3 siendo mucho m\u00e1s que una estrategia de marketing.<\/p>\n<p>Fue el encuentro entre una naci\u00f3n y una pionera que desafiaba las reglas del juego.<\/p>\n<h2>Una mujer con alas: \u00bfqui\u00e9n era Amelia Earhart?<\/h2>\n<p>Antes de tocar suelo cubano, Amelia Earhart ya era un \u00edcono internacional. Fue la primera mujer en volar sola a trav\u00e9s del Atl\u00e1ntico, una haza\u00f1a que la catapult\u00f3 al estrellato como s\u00edmbolo de valor, determinaci\u00f3n y empoderamiento femenino.<\/p>\n<p>Su imagen era tan poderosa como su historia: audaz, carism\u00e1tica y parecida a Charles Lindbergh, el aviador m\u00e1s famoso de la \u00e9poca. Por eso, los medios la bautizaron como \u00abLady Lindy\u00bb.<\/p>\n<p>Su amor por la aviaci\u00f3n naci\u00f3 a los 23 a\u00f1os, tras pagar $5 por un vuelo en biplano. A partir de ah\u00ed, todo cambi\u00f3. Amelia trabaj\u00f3 como camionera, fot\u00f3grafa y mecan\u00f3grafa para comprarse su primer avi\u00f3n, un Kinner Airster al que llam\u00f3 \u201cThe Canary\u201d.<\/p>\n<p>No solo volaba, tambi\u00e9n romp\u00eda r\u00e9cords y abr\u00eda caminos. En sus propias palabras: \u00abSab\u00eda muy bien que morir\u00eda si no volaba\u00bb.<\/p>\n<h2>La Habana como vitrina continental<\/h2>\n<p>En aquel enero del 29, la capital cubana estaba revolucionada. El aire ol\u00eda a queroseno, progreso y expectativa. Pan Am, dirigida por Juan Trippe, organiz\u00f3 un evento espectacular para inaugurar una nueva etapa en la aviaci\u00f3n regional.<\/p>\n<p>Su buque insignia, el Fokker F-10 \u00abChristopher Columbus\u00bb, despeg\u00f3 desde Miami con Amelia a bordo, acompa\u00f1ada de altos funcionarios estadounidenses, periodistas y empresarios.<\/p>\n<p>Su llegada a Cuba fue cinematogr\u00e1fica: dos pilotos cubanos la escoltaron en el aire mientras cientos de personas la esperaban en el Columbia Airfield.<\/p>\n<p>El sol tropical le dio la bienvenida mientras bajaba del avi\u00f3n con su caracter\u00edstico traje beige, sombrero peque\u00f1o y sus alas doradas brillando en el pecho.<\/p>\n<h2>Una embajadora del aire<\/h2>\n<p>La aviadora fue recibida como una hero\u00edna. Dio un breve discurso desde la plataforma junto al ministro cubano Carlos Miguel de C\u00e9spedes.<\/p>\n<p>Aunque lament\u00f3 no hablar espa\u00f1ol, agradeci\u00f3 con emoci\u00f3n la calidez del pueblo cubano, evocando el momento en que fue ovacionada al aterrizar en Gales meses atr\u00e1s: \u00abMe record\u00f3 lo que sent\u00ed cuando aterric\u00e9 en Europa despu\u00e9s de cruzar el Atl\u00e1ntico\u00bb.<\/p>\n<p>Earhart tambi\u00e9n ayud\u00f3 a bautizar el nuevo avi\u00f3n \u201cCuba\u201d, un Ford Trimotor con capacidad para 12 pasajeros que unir\u00eda La Habana con Santiago, con escala en Camag\u00fcey. Al romper la botella de champ\u00e1n, la leyenda y la isla quedaban oficialmente conectadas por aire.<\/p>\n<h2>Una conexi\u00f3n que no se olvid\u00f3<\/h2>\n<p>Aunque solo estuvo unas horas en la isla, sus palabras quedaron grabadas en la prensa cubana: \u00abConfirm\u00e9 que La Habana es maravillosa\u2026 No tuve tiempo de verla completamente, pero desde el aire y en mi breve recorrido, vi el lugar m\u00e1s bello del mundo. Volver\u00e9. Y volver\u00e9 volando\u00bb.<\/p>\n<p>Ese regreso nunca ocurri\u00f3. O al menos, no en vida. Amelia desapareci\u00f3 en 1937, intentando dar la vuelta al mundo en un vuelo de 27,000 millas. Su cuerpo nunca fue encontrado, pero su historia permanece viva.<\/p>\n<h2>M\u00e1s que marketing: un legado<\/h2>\n<p>La visita de Amelia Earhart en La Habana no fue solo una movida publicitaria de Pan Am. Fue una declaraci\u00f3n simb\u00f3lica: el cielo ya no era l\u00edmite para las mujeres ni para las relaciones entre pa\u00edses. La aviaci\u00f3n, hasta entonces dominada por hombres, se abri\u00f3 a nuevas posibilidades, y Cuba se convirti\u00f3 en un punto estrat\u00e9gico del continente.<\/p>\n<p>Earhart no solo vol\u00f3 sobre La Habana. Se pos\u00f3 en el coraz\u00f3n de un pueblo que todav\u00eda la recuerda como la mujer que vino del cielo, sonriente, audaz, y con el viento a su favor.<\/p>\n","protected":false},"excerpt":{"rendered":"<p>Amelia Earhart en La Habana no fue solo un espect\u00e1culo: fue un hito de progreso, empoderamiento femenino y conexi\u00f3n entre pueblos.<\/p>\n","protected":false},"author":13,"featured_media":94616,"comment_status":"open","ping_status":"closed","sticky":false,"template":"","format":"standard","meta":{"colormag_page_container_layout":"default_layout","colormag_page_sidebar_layout":"default_layout","wprm-recipe-roundup-name":"","wprm-recipe-roundup-description":"","footnotes":""},"categories":[1],"tags":[],"class_list":["post-94614","post","type-post","status-publish","format-standard","has-post-thumbnail","hentry","category-noticias-cuba"],"yoast_head":"<!-- This site is optimized with the Yoast SEO Premium plugin v24.8 (Yoast SEO v28.4) - https:\/\/yoast.com\/product\/yoast-seo-premium-wordpress\/ -->\n<title>Amelia Earhart en La Habana: la visita que cambi\u00f3 la historia de la aviaci\u00f3n<\/title>\n<meta name=\"description\" content=\"Amelia Earhart en La Habana y c\u00f3mo su visita en 1929 marc\u00f3 un hito en la aviaci\u00f3n y la conexi\u00f3n entre Cuba y EE. UU.\" \/>\n<meta name=\"robots\" content=\"index, follow, max-snippet:-1, max-image-preview:large, max-video-preview:-1\" \/>\n<link rel=\"canonical\" href=\"https:\/\/www.dimecuba.com\/revista\/noticias-cuba\/amelia-earhart-habana\/\" \/>\n<meta property=\"og:locale\" content=\"es_ES\" \/>\n<meta property=\"og:type\" content=\"article\" \/>\n<meta property=\"og:title\" content=\"Amelia Earhart en La Habana: la visita que cambi\u00f3 la historia de la aviaci\u00f3n\" \/>\n<meta property=\"og:description\" content=\"Amelia Earhart en La Habana no fue solo un espect\u00e1culo: fue un hito de progreso, empoderamiento femenino y conexi\u00f3n entre pueblos.\" \/>\n<meta property=\"og:url\" content=\"https:\/\/www.dimecuba.com\/revista\/noticias-cuba\/amelia-earhart-habana\/\" \/>\n<meta property=\"og:site_name\" content=\"Revista DimeCuba\" \/>\n<meta property=\"article:publisher\" content=\"https:\/\/facebook.com\/DimeCuba\/\" \/>\n<meta property=\"article:published_time\" content=\"2025-09-02T07:39:23+00:00\" \/>\n<meta property=\"og:image\" content=\"https:\/\/www.dimecuba.com\/revista\/wp-content\/uploads\/2025\/09\/amelia-earhart-habana.png\" \/>\n\t<meta property=\"og:image:width\" content=\"1280\" \/>\n\t<meta property=\"og:image:height\" content=\"670\" \/>\n\t<meta property=\"og:image:type\" content=\"image\/png\" \/>\n<meta name=\"author\" content=\"Redacci\u00f3n\" \/>\n<meta name=\"twitter:card\" content=\"summary_large_image\" \/>\n<meta name=\"twitter:description\" content=\"Amelia Earhart en La Habana no fue solo un espect\u00e1culo: fue un hito de progreso, empoderamiento femenino y conexi\u00f3n entre pueblos.\" \/>\n<meta name=\"twitter:creator\" content=\"@dimecuba\" \/>\n<meta name=\"twitter:site\" content=\"@dimecuba\" \/>\n<meta name=\"twitter:label1\" content=\"Escrito por\" \/>\n\t<meta name=\"twitter:data1\" content=\"Redacci\u00f3n\" \/>\n\t<meta name=\"twitter:label2\" content=\"Tiempo de lectura\" \/>\n\t<meta name=\"twitter:data2\" content=\"4 minutos\" \/>\n<script type=\"application\/ld+json\" class=\"yoast-schema-graph\">{\"@context\":\"https:\\\/\\\/schema.org\",\"@graph\":[{\"@type\":\"NewsArticle\",\"@id\":\"https:\\\/\\\/www.dimecuba.com\\\/revista\\\/noticias-cuba\\\/amelia-earhart-habana\\\/#article\",\"isPartOf\":{\"@id\":\"https:\\\/\\\/www.dimecuba.com\\\/revista\\\/noticias-cuba\\\/amelia-earhart-habana\\\/\"},\"author\":{\"name\":\"Redacci\u00f3n\",\"@id\":\"https:\\\/\\\/www.dimecuba.com\\\/revista\\\/#\\\/schema\\\/person\\\/a95cec0041795e625b7a764faccf8c52\"},\"headline\":\"Amelia Earhart en La Habana: la visita que cambi\u00f3 la historia de la aviaci\u00f3n\",\"datePublished\":\"2025-09-02T07:39:23+00:00\",\"mainEntityOfPage\":{\"@id\":\"https:\\\/\\\/www.dimecuba.com\\\/revista\\\/noticias-cuba\\\/amelia-earhart-habana\\\/\"},\"wordCount\":690,\"commentCount\":0,\"publisher\":{\"@id\":\"https:\\\/\\\/www.dimecuba.com\\\/revista\\\/#organization\"},\"image\":{\"@id\":\"https:\\\/\\\/www.dimecuba.com\\\/revista\\\/noticias-cuba\\\/amelia-earhart-habana\\\/#primaryimage\"},\"thumbnailUrl\":\"https:\\\/\\\/www.dimecuba.com\\\/revista\\\/wp-content\\\/uploads\\\/2025\\\/09\\\/amelia-earhart-habana.png\",\"articleSection\":[\"NOTICIAS CUBA\"],\"inLanguage\":\"es\",\"potentialAction\":[{\"@type\":\"CommentAction\",\"name\":\"Comment\",\"target\":[\"https:\\\/\\\/www.dimecuba.com\\\/revista\\\/noticias-cuba\\\/amelia-earhart-habana\\\/#respond\"]}]},{\"@type\":\"WebPage\",\"@id\":\"https:\\\/\\\/www.dimecuba.com\\\/revista\\\/noticias-cuba\\\/amelia-earhart-habana\\\/\",\"url\":\"https:\\\/\\\/www.dimecuba.com\\\/revista\\\/noticias-cuba\\\/amelia-earhart-habana\\\/\",\"name\":\"Amelia Earhart en La Habana: la visita que cambi\u00f3 la historia de la aviaci\u00f3n\",\"isPartOf\":{\"@id\":\"https:\\\/\\\/www.dimecuba.com\\\/revista\\\/#website\"},\"primaryImageOfPage\":{\"@id\":\"https:\\\/\\\/www.dimecuba.com\\\/revista\\\/noticias-cuba\\\/amelia-earhart-habana\\\/#primaryimage\"},\"image\":{\"@id\":\"https:\\\/\\\/www.dimecuba.com\\\/revista\\\/noticias-cuba\\\/amelia-earhart-habana\\\/#primaryimage\"},\"thumbnailUrl\":\"https:\\\/\\\/www.dimecuba.com\\\/revista\\\/wp-content\\\/uploads\\\/2025\\\/09\\\/amelia-earhart-habana.png\",\"datePublished\":\"2025-09-02T07:39:23+00:00\",\"description\":\"Amelia Earhart en La Habana y c\u00f3mo su visita en 1929 marc\u00f3 un hito en la aviaci\u00f3n y la conexi\u00f3n entre Cuba y EE. UU.\",\"breadcrumb\":{\"@id\":\"https:\\\/\\\/www.dimecuba.com\\\/revista\\\/noticias-cuba\\\/amelia-earhart-habana\\\/#breadcrumb\"},\"inLanguage\":\"es\",\"potentialAction\":[{\"@type\":\"ReadAction\",\"target\":[\"https:\\\/\\\/www.dimecuba.com\\\/revista\\\/noticias-cuba\\\/amelia-earhart-habana\\\/\"]}]},{\"@type\":\"ImageObject\",\"inLanguage\":\"es\",\"@id\":\"https:\\\/\\\/www.dimecuba.com\\\/revista\\\/noticias-cuba\\\/amelia-earhart-habana\\\/#primaryimage\",\"url\":\"https:\\\/\\\/www.dimecuba.com\\\/revista\\\/wp-content\\\/uploads\\\/2025\\\/09\\\/amelia-earhart-habana.png\",\"contentUrl\":\"https:\\\/\\\/www.dimecuba.com\\\/revista\\\/wp-content\\\/uploads\\\/2025\\\/09\\\/amelia-earhart-habana.png\",\"width\":1280,\"height\":670,\"caption\":\"Amelia Earhart fue recibida con honores durante su breve pero memorable visita a La Habana en 1929.\"},{\"@type\":\"BreadcrumbList\",\"@id\":\"https:\\\/\\\/www.dimecuba.com\\\/revista\\\/noticias-cuba\\\/amelia-earhart-habana\\\/#breadcrumb\",\"itemListElement\":[{\"@type\":\"ListItem\",\"position\":1,\"name\":\"Noticias de Cuba\",\"item\":\"https:\\\/\\\/www.dimecuba.com\\\/revista\\\/\"},{\"@type\":\"ListItem\",\"position\":2,\"name\":\"NOTICIAS CUBA\",\"item\":\"https:\\\/\\\/www.dimecuba.com\\\/revista\\\/noticias-cuba\\\/\"},{\"@type\":\"ListItem\",\"position\":3,\"name\":\"Amelia Earhart en La Habana: la visita que cambi\u00f3 la historia de la aviaci\u00f3n\"}]},{\"@type\":\"WebSite\",\"@id\":\"https:\\\/\\\/www.dimecuba.com\\\/revista\\\/#website\",\"url\":\"https:\\\/\\\/www.dimecuba.com\\\/revista\\\/\",\"name\":\"Revista DimeCuba\",\"description\":\"\u00daltimas noticias y sucesos de Cuba\",\"publisher\":{\"@id\":\"https:\\\/\\\/www.dimecuba.com\\\/revista\\\/#organization\"},\"potentialAction\":[{\"@type\":\"SearchAction\",\"target\":{\"@type\":\"EntryPoint\",\"urlTemplate\":\"https:\\\/\\\/www.dimecuba.com\\\/revista\\\/?s={search_term_string}\"},\"query-input\":{\"@type\":\"PropertyValueSpecification\",\"valueRequired\":true,\"valueName\":\"search_term_string\"}}],\"inLanguage\":\"es\"},{\"@type\":\"Organization\",\"@id\":\"https:\\\/\\\/www.dimecuba.com\\\/revista\\\/#organization\",\"name\":\"DimeCuba\",\"url\":\"https:\\\/\\\/www.dimecuba.com\\\/revista\\\/\",\"logo\":{\"@type\":\"ImageObject\",\"inLanguage\":\"es\",\"@id\":\"https:\\\/\\\/www.dimecuba.com\\\/revista\\\/#\\\/schema\\\/logo\\\/image\\\/\",\"url\":\"https:\\\/\\\/www.dimecuba.com\\\/revista\\\/wp-content\\\/uploads\\\/2018\\\/10\\\/Revista-DimeCuba-logo-sml-3.png\",\"contentUrl\":\"https:\\\/\\\/www.dimecuba.com\\\/revista\\\/wp-content\\\/uploads\\\/2018\\\/10\\\/Revista-DimeCuba-logo-sml-3.png\",\"width\":201,\"height\":57,\"caption\":\"DimeCuba\"},\"image\":{\"@id\":\"https:\\\/\\\/www.dimecuba.com\\\/revista\\\/#\\\/schema\\\/logo\\\/image\\\/\"},\"sameAs\":[\"https:\\\/\\\/facebook.com\\\/DimeCuba\\\/\",\"https:\\\/\\\/x.com\\\/dimecuba\",\"https:\\\/\\\/www.instagram.com\\\/dimecuba\\\/\",\"https:\\\/\\\/www.linkedin.com\\\/company\\\/dimecuba\",\"https:\\\/\\\/www.youtube.com\\\/dimecubaweb\"]},{\"@type\":\"Person\",\"@id\":\"https:\\\/\\\/www.dimecuba.com\\\/revista\\\/#\\\/schema\\\/person\\\/a95cec0041795e625b7a764faccf8c52\",\"name\":\"Redacci\u00f3n\",\"image\":{\"@type\":\"ImageObject\",\"inLanguage\":\"es\",\"@id\":\"https:\\\/\\\/secure.gravatar.com\\\/avatar\\\/129d2b0487c25b1eec40b85bd0426a1b949ad13e3ea21697124b5c81cf8053db?s=96&d=mm&r=g\",\"url\":\"https:\\\/\\\/secure.gravatar.com\\\/avatar\\\/129d2b0487c25b1eec40b85bd0426a1b949ad13e3ea21697124b5c81cf8053db?s=96&d=mm&r=g\",\"contentUrl\":\"https:\\\/\\\/secure.gravatar.com\\\/avatar\\\/129d2b0487c25b1eec40b85bd0426a1b949ad13e3ea21697124b5c81cf8053db?s=96&d=mm&r=g\",\"caption\":\"Redacci\u00f3n\"},\"url\":\"https:\\\/\\\/www.dimecuba.com\\\/revista\\\/author\\\/redacciondc\\\/\"}]}<\/script>\n<!-- \/ Yoast SEO Premium plugin. -->","yoast_head_json":{"title":"Amelia Earhart en La Habana: la visita que cambi\u00f3 la historia de la aviaci\u00f3n","description":"Amelia Earhart en La Habana y c\u00f3mo su visita en 1929 marc\u00f3 un hito en la aviaci\u00f3n y la conexi\u00f3n entre Cuba y EE. UU.","robots":{"index":"index","follow":"follow","max-snippet":"max-snippet:-1","max-image-preview":"max-image-preview:large","max-video-preview":"max-video-preview:-1"},"canonical":"https:\/\/www.dimecuba.com\/revista\/noticias-cuba\/amelia-earhart-habana\/","og_locale":"es_ES","og_type":"article","og_title":"Amelia Earhart en La Habana: la visita que cambi\u00f3 la historia de la aviaci\u00f3n","og_description":"Amelia Earhart en La Habana no fue solo un espect\u00e1culo: fue un hito de progreso, empoderamiento femenino y conexi\u00f3n entre pueblos.","og_url":"https:\/\/www.dimecuba.com\/revista\/noticias-cuba\/amelia-earhart-habana\/","og_site_name":"Revista DimeCuba","article_publisher":"https:\/\/facebook.com\/DimeCuba\/","article_published_time":"2025-09-02T07:39:23+00:00","og_image":[{"width":1280,"height":670,"url":"https:\/\/www.dimecuba.com\/revista\/wp-content\/uploads\/2025\/09\/amelia-earhart-habana.png","type":"image\/png"}],"author":"Redacci\u00f3n","twitter_card":"summary_large_image","twitter_description":"Amelia Earhart en La Habana no fue solo un espect\u00e1culo: fue un hito de progreso, empoderamiento femenino y conexi\u00f3n entre pueblos.","twitter_creator":"@dimecuba","twitter_site":"@dimecuba","twitter_misc":{"Escrito por":"Redacci\u00f3n","Tiempo de lectura":"4 minutos"},"schema":{"@context":"https:\/\/schema.org","@graph":[{"@type":"NewsArticle","@id":"https:\/\/www.dimecuba.com\/revista\/noticias-cuba\/amelia-earhart-habana\/#article","isPartOf":{"@id":"https:\/\/www.dimecuba.com\/revista\/noticias-cuba\/amelia-earhart-habana\/"},"author":{"name":"Redacci\u00f3n","@id":"https:\/\/www.dimecuba.com\/revista\/#\/schema\/person\/a95cec0041795e625b7a764faccf8c52"},"headline":"Amelia Earhart en La Habana: la visita que cambi\u00f3 la historia de la aviaci\u00f3n","datePublished":"2025-09-02T07:39:23+00:00","mainEntityOfPage":{"@id":"https:\/\/www.dimecuba.com\/revista\/noticias-cuba\/amelia-earhart-habana\/"},"wordCount":690,"commentCount":0,"publisher":{"@id":"https:\/\/www.dimecuba.com\/revista\/#organization"},"image":{"@id":"https:\/\/www.dimecuba.com\/revista\/noticias-cuba\/amelia-earhart-habana\/#primaryimage"},"thumbnailUrl":"https:\/\/www.dimecuba.com\/revista\/wp-content\/uploads\/2025\/09\/amelia-earhart-habana.png","articleSection":["NOTICIAS CUBA"],"inLanguage":"es","potentialAction":[{"@type":"CommentAction","name":"Comment","target":["https:\/\/www.dimecuba.com\/revista\/noticias-cuba\/amelia-earhart-habana\/#respond"]}]},{"@type":"WebPage","@id":"https:\/\/www.dimecuba.com\/revista\/noticias-cuba\/amelia-earhart-habana\/","url":"https:\/\/www.dimecuba.com\/revista\/noticias-cuba\/amelia-earhart-habana\/","name":"Amelia Earhart en La Habana: la visita que cambi\u00f3 la historia de la aviaci\u00f3n","isPartOf":{"@id":"https:\/\/www.dimecuba.com\/revista\/#website"},"primaryImageOfPage":{"@id":"https:\/\/www.dimecuba.com\/revista\/noticias-cuba\/amelia-earhart-habana\/#primaryimage"},"image":{"@id":"https:\/\/www.dimecuba.com\/revista\/noticias-cuba\/amelia-earhart-habana\/#primaryimage"},"thumbnailUrl":"https:\/\/www.dimecuba.com\/revista\/wp-content\/uploads\/2025\/09\/amelia-earhart-habana.png","datePublished":"2025-09-02T07:39:23+00:00","description":"Amelia Earhart en La Habana y c\u00f3mo su visita en 1929 marc\u00f3 un hito en la aviaci\u00f3n y la conexi\u00f3n entre Cuba y EE. UU.","breadcrumb":{"@id":"https:\/\/www.dimecuba.com\/revista\/noticias-cuba\/amelia-earhart-habana\/#breadcrumb"},"inLanguage":"es","potentialAction":[{"@type":"ReadAction","target":["https:\/\/www.dimecuba.com\/revista\/noticias-cuba\/amelia-earhart-habana\/"]}]},{"@type":"ImageObject","inLanguage":"es","@id":"https:\/\/www.dimecuba.com\/revista\/noticias-cuba\/amelia-earhart-habana\/#primaryimage","url":"https:\/\/www.dimecuba.com\/revista\/wp-content\/uploads\/2025\/09\/amelia-earhart-habana.png","contentUrl":"https:\/\/www.dimecuba.com\/revista\/wp-content\/uploads\/2025\/09\/amelia-earhart-habana.png","width":1280,"height":670,"caption":"Amelia Earhart fue recibida con honores durante su breve pero memorable visita a La Habana en 1929."},{"@type":"BreadcrumbList","@id":"https:\/\/www.dimecuba.com\/revista\/noticias-cuba\/amelia-earhart-habana\/#breadcrumb","itemListElement":[{"@type":"ListItem","position":1,"name":"Noticias de Cuba","item":"https:\/\/www.dimecuba.com\/revista\/"},{"@type":"ListItem","position":2,"name":"NOTICIAS CUBA","item":"https:\/\/www.dimecuba.com\/revista\/noticias-cuba\/"},{"@type":"ListItem","position":3,"name":"Amelia Earhart en La Habana: la visita que cambi\u00f3 la historia de la aviaci\u00f3n"}]},{"@type":"WebSite","@id":"https:\/\/www.dimecuba.com\/revista\/#website","url":"https:\/\/www.dimecuba.com\/revista\/","name":"Revista DimeCuba","description":"\u00daltimas noticias y sucesos de Cuba","publisher":{"@id":"https:\/\/www.dimecuba.com\/revista\/#organization"},"potentialAction":[{"@type":"SearchAction","target":{"@type":"EntryPoint","urlTemplate":"https:\/\/www.dimecuba.com\/revista\/?s={search_term_string}"},"query-input":{"@type":"PropertyValueSpecification","valueRequired":true,"valueName":"search_term_string"}}],"inLanguage":"es"},{"@type":"Organization","@id":"https:\/\/www.dimecuba.com\/revista\/#organization","name":"DimeCuba","url":"https:\/\/www.dimecuba.com\/revista\/","logo":{"@type":"ImageObject","inLanguage":"es","@id":"https:\/\/www.dimecuba.com\/revista\/#\/schema\/logo\/image\/","url":"https:\/\/www.dimecuba.com\/revista\/wp-content\/uploads\/2018\/10\/Revista-DimeCuba-logo-sml-3.png","contentUrl":"https:\/\/www.dimecuba.com\/revista\/wp-content\/uploads\/2018\/10\/Revista-DimeCuba-logo-sml-3.png","width":201,"height":57,"caption":"DimeCuba"},"image":{"@id":"https:\/\/www.dimecuba.com\/revista\/#\/schema\/logo\/image\/"},"sameAs":["https:\/\/facebook.com\/DimeCuba\/","https:\/\/x.com\/dimecuba","https:\/\/www.instagram.com\/dimecuba\/","https:\/\/www.linkedin.com\/company\/dimecuba","https:\/\/www.youtube.com\/dimecubaweb"]},{"@type":"Person","@id":"https:\/\/www.dimecuba.com\/revista\/#\/schema\/person\/a95cec0041795e625b7a764faccf8c52","name":"Redacci\u00f3n","image":{"@type":"ImageObject","inLanguage":"es","@id":"https:\/\/secure.gravatar.com\/avatar\/129d2b0487c25b1eec40b85bd0426a1b949ad13e3ea21697124b5c81cf8053db?s=96&d=mm&r=g","url":"https:\/\/secure.gravatar.com\/avatar\/129d2b0487c25b1eec40b85bd0426a1b949ad13e3ea21697124b5c81cf8053db?s=96&d=mm&r=g","contentUrl":"https:\/\/secure.gravatar.com\/avatar\/129d2b0487c25b1eec40b85bd0426a1b949ad13e3ea21697124b5c81cf8053db?s=96&d=mm&r=g","caption":"Redacci\u00f3n"},"url":"https:\/\/www.dimecuba.com\/revista\/author\/redacciondc\/"}]}},"_links":{"self":[{"href":"https:\/\/www.dimecuba.com\/revista\/wp-json\/wp\/v2\/posts\/94614","targetHints":{"allow":["GET"]}}],"collection":[{"href":"https:\/\/www.dimecuba.com\/revista\/wp-json\/wp\/v2\/posts"}],"about":[{"href":"https:\/\/www.dimecuba.com\/revista\/wp-json\/wp\/v2\/types\/post"}],"author":[{"embeddable":true,"href":"https:\/\/www.dimecuba.com\/revista\/wp-json\/wp\/v2\/users\/13"}],"replies":[{"embeddable":true,"href":"https:\/\/www.dimecuba.com\/revista\/wp-json\/wp\/v2\/comments?post=94614"}],"version-history":[{"count":0,"href":"https:\/\/www.dimecuba.com\/revista\/wp-json\/wp\/v2\/posts\/94614\/revisions"}],"wp:featuredmedia":[{"embeddable":true,"href":"https:\/\/www.dimecuba.com\/revista\/wp-json\/wp\/v2\/media\/94616"}],"wp:attachment":[{"href":"https:\/\/www.dimecuba.com\/revista\/wp-json\/wp\/v2\/media?parent=94614"}],"wp:term":[{"taxonomy":"category","embeddable":true,"href":"https:\/\/www.dimecuba.com\/revista\/wp-json\/wp\/v2\/categories?post=94614"},{"taxonomy":"post_tag","embeddable":true,"href":"https:\/\/www.dimecuba.com\/revista\/wp-json\/wp\/v2\/tags?post=94614"}],"curies":[{"name":"wp","href":"https:\/\/api.w.org\/{rel}","templated":true}]}}