{"id":94799,"date":"2025-09-17T13:52:02","date_gmt":"2025-09-17T13:52:02","guid":{"rendered":"https:\/\/www.dimecuba.com\/revista\/?p=94799"},"modified":"2025-09-17T13:52:02","modified_gmt":"2025-09-17T13:52:02","slug":"cambios-en-el-obamacare-2025-quienes-podrian-perder-la-cobertura-y-como-evitarlo","status":"publish","type":"post","link":"https:\/\/www.dimecuba.com\/revista\/vivir-trabajar-usa\/cambios-en-el-obamacare-2025-quienes-podrian-perder-la-cobertura-y-como-evitarlo\/","title":{"rendered":"Cambios en el Obamacare 2025: qui\u00e9nes podr\u00edan perder la cobertura y c\u00f3mo evitarlo"},"content":{"rendered":"<p><span data-contrast=\"auto\">Desde el 1 de septiembre de 2025, entraron en vigor nuevas disposiciones que podr\u00edan dejar sin subsidios del Obamacare a miles de beneficiarios en Estados Unidos. Las medidas, enfocadas en el cumplimiento fiscal y la exclusi\u00f3n de duplicidad con otros programas, plantean un escenario de alerta para quienes dependen de este seguro m\u00e9dico asequible.<\/span><span data-ccp-props=\"{}\">\u00a0<\/span><\/p>\n<h2><span data-contrast=\"auto\">Declaraciones de impuestos: requisito clave para mantener el subsidio<\/span><span data-ccp-props=\"{}\">\u00a0<\/span><\/h2>\n<p><span data-contrast=\"auto\">Uno de los puntos m\u00e1s importantes de esta actualizaci\u00f3n es la obligaci\u00f3n de haber presentado correctamente las declaraciones de impuestos federales de 2022 y 2023. Quienes no lo hayan hecho enfrentar\u00e1n sanciones que van desde el aumento dr\u00e1stico en el costo de sus primas hasta la p\u00e9rdida total del subsidio.<\/span><span data-ccp-props=\"{}\">\u00a0<\/span><\/p>\n<p><span data-contrast=\"auto\">Para entender la magnitud, basta con un ejemplo: beneficiarios que hoy pagan 10 d\u00f3lares mensuales por su p\u00f3liza, podr\u00edan pasar a pagar entre 400 y 1,000 d\u00f3lares al mes seg\u00fan su edad y plan, si no cumplen con la entrega de impuestos.<\/span><span data-ccp-props=\"{}\">\u00a0<\/span><\/p>\n<h2><span data-contrast=\"auto\">Duplicidad de beneficios: Medicaid y Obamacare ya no van de la mano<\/span><span data-ccp-props=\"{}\">\u00a0<\/span><\/h2>\n<p><span data-contrast=\"auto\">Otro cambio significativo es la incompatibilidad entre Medicaid y los subsidios de Obamacare. Hasta ahora, algunas personas pod\u00edan estar registradas en ambos programas, pero a partir de septiembre esa duplicidad se eliminar\u00e1. Los usuarios que aparezcan con cobertura simult\u00e1nea deber\u00e1n elegir una de las opciones, ya que mantener ambas podr\u00eda implicar la cancelaci\u00f3n autom\u00e1tica del subsidio federal.<\/span><span data-ccp-props=\"{}\">\u00a0<\/span><\/p>\n<h2><span data-contrast=\"auto\">\u00bfQui\u00e9nes son los m\u00e1s afectados?<\/span><span data-ccp-props=\"{}\">\u00a0<\/span><\/h2>\n<p><span data-contrast=\"auto\">Los m\u00e1s vulnerables son aquellos que desconocen los nuevos requisitos o no han recibido las notificaciones del Marketplace. Agentes de seguros advierten que la falta de informaci\u00f3n puede llevar a que muchas familias pierdan su cobertura sin darse cuenta, enfrentando as\u00ed primas imposibles de pagar.<\/span><span data-ccp-props=\"{}\">\u00a0<\/span><\/p>\n<p><span data-contrast=\"auto\">Por eso, especialistas recomiendan verificar cuanto antes el estado de las declaraciones de impuestos y confirmar si existe alg\u00fan cruce con Medicaid.<\/span><span data-ccp-props=\"{}\">\u00a0<\/span><\/p>\n<h2><span data-contrast=\"auto\">Pasos para evitar perder la cobertura del Obamacare<\/span><span data-ccp-props=\"{}\">\u00a0<\/span><\/h2>\n<ul>\n<li><span data-contrast=\"auto\">Revisar las declaraciones fiscales de 2022 y 2023: aseg\u00farate de haberlas presentado y aprobadas por el IRS.<\/span><span data-ccp-props=\"{}\">\u00a0<\/span><\/li>\n<li><span data-contrast=\"auto\">Verificar si est\u00e1s inscrito en Medicaid: si es as\u00ed, eval\u00faa qu\u00e9 cobertura te conviene m\u00e1s antes de septiembre.<\/span><span data-ccp-props=\"{}\">\u00a0<\/span><\/li>\n<li><span data-contrast=\"auto\">Contactar a un asesor especializado en seguros de salud: los expertos pueden ayudarte a mantener tu plan vigente y evitar sorpresas con tus primas.<\/span><span data-ccp-props=\"{}\">\u00a0<\/span><\/li>\n<li><span data-contrast=\"auto\">Mantenerse informado: revisa regularmente correos y notificaciones del Marketplace de salud.<\/span><span data-ccp-props=\"{}\">\u00a0<\/span><\/li>\n<\/ul>\n<h2><span data-contrast=\"auto\">DimeInsurance: asesor\u00eda gratuita para la comunidad<\/span><span data-ccp-props=\"{}\">\u00a0<\/span><\/h2>\n<p><span data-contrast=\"auto\">Ante estas modificaciones, contar con orientaci\u00f3n profesional puede marcar la diferencia. DimeInsurance, agencia especializada en planes de salud para la comunidad latina, ofrece asistencia gratuita para revisar tu caso y asegurarte de no perder tu subsidio.<\/span><span data-ccp-props=\"{}\">\u00a0<\/span><\/p>\n<p><span data-contrast=\"auto\">Para <strong>asesor\u00eda personalizada<\/strong> y para <strong>verificar si calificas<\/strong> para planes desde $0 al mes, contacta a DimeInsurance:<\/span><span data-ccp-props=\"{}\">\u00a0<\/span><\/p>\n<p><span data-contrast=\"auto\"><strong>Tel\u00e9fono:<\/strong> 786-305-4308<\/span><span data-ccp-props=\"{}\">\u00a0<\/span><\/p>\n<p><span data-contrast=\"auto\"><strong>Direcci\u00f3n:<\/strong> 3750 West 16 Ave. #100, Hialeah, FL 33012<\/span><span data-ccp-props=\"{}\">\u00a0<\/span><\/p>\n<p><span data-contrast=\"auto\"><strong>Correo:<\/strong> info@dimeinsurance.com<\/span><span data-ccp-props=\"{}\">\u00a0<\/span><\/p>\n<p><span data-contrast=\"auto\"><strong>Web:<\/strong> https:\/\/dimeinsurance.com<\/span><span data-ccp-props=\"{}\">\u00a0<\/span><\/p>\n<h2><span data-contrast=\"auto\">Preguntas frecuentes sobre los cambios en el Obamacare 2025<\/span><span data-ccp-props=\"{}\">\u00a0<\/span><\/h2>\n<h3><span data-contrast=\"auto\">\u00bfQu\u00e9 pasa si no present\u00e9 mis impuestos de 2022 o 2023?<\/span><\/h3>\n<p><span data-contrast=\"auto\">Si no has declarado esos a\u00f1os, podr\u00edas perder tu subsidio y pagar entre 400 y 1,000 d\u00f3lares al mes por tu seguro m\u00e9dico. Es fundamental ponerte al d\u00eda cuanto antes.<\/span><span data-ccp-props=\"{}\">\u00a0<\/span><\/p>\n<h3><span data-contrast=\"auto\">\u00bfPuedo tener Medicaid y Obamacare al mismo tiempo?<\/span><\/h3>\n<p><span data-contrast=\"auto\">No. A partir de septiembre de 2025, quienes aparezcan con ambas coberturas perder\u00e1n los subsidios de Obamacare. Tendr\u00e1s que elegir uno de los dos.<\/span><span data-ccp-props=\"{}\">\u00a0<\/span><\/p>\n<h3><span data-contrast=\"auto\">\u00bfQui\u00e9nes son los m\u00e1s afectados por los cambios?<\/span><\/h3>\n<p><span data-contrast=\"auto\">Principalmente las familias que desconocen las nuevas reglas o no revisan sus notificaciones del Marketplace. Muchos podr\u00edan quedarse sin cobertura sin darse cuenta.<\/span><span data-ccp-props=\"{}\">\u00a0<\/span><\/p>\n<h3><span data-contrast=\"auto\">\u00bfC\u00f3mo puedo evitar perder la cobertura del Obamacare 2025?<\/span><\/h3>\n<p><span data-contrast=\"auto\">Debes revisar tus impuestos de 2022 y 2023, confirmar si est\u00e1s en Medicaid, y contactar a un asesor de seguros que te ayude a actualizar tu plan antes del 1 de septiembre.<\/span><span data-ccp-props=\"{}\">\u00a0<\/span><\/p>\n<h3><span data-contrast=\"auto\">\u00bfD\u00f3nde puedo recibir ayuda gratuita en espa\u00f1ol?<\/span><span data-ccp-props=\"{}\">\u00a0<\/span><\/h3>\n<p><span data-contrast=\"auto\">En <a href=\"https:\/\/dimeinsurance.com\/blog\/open-enrollment-2026-guia-de-seguro-medico-en-ee-uu\/\"><strong>DimeInsurance<\/strong><\/a>, donde agentes especializados revisan tu caso sin costo y te orientan sobre la mejor opci\u00f3n para mantener tu seguro.<\/span><span data-ccp-props=\"{}\">\u00a0<\/span><\/p>\n<p><strong>Tel\u00e9fono: 786-305-4308\u00a0<\/strong><\/p>\n<p><strong>Direcci\u00f3n: 3750 West 16 Ave. #100, Hialeah, FL 33012\u00a0<\/strong><\/p>\n<p><strong>Correo: info@dimeinsurance.com\u00a0<\/strong><\/p>\n<p><strong>Web: <a href=\"https:\/\/dimeinsurance.com\">https:\/\/dimeinsurance.com<\/a>\u00a0<\/strong><\/p>\n<p><span data-ccp-props=\"{}\">\u00a0<\/span><\/p>\n","protected":false},"excerpt":{"rendered":"<p>Desde el 1 de septiembre de 2025, entraron en vigor nuevas disposiciones que podr\u00edan dejar sin subsidios del Obamacare a<\/p>\n","protected":false},"author":33,"featured_media":82113,"comment_status":"open","ping_status":"closed","sticky":false,"template":"","format":"standard","meta":{"colormag_page_container_layout":"default_layout","colormag_page_sidebar_layout":"default_layout","wprm-recipe-roundup-name":"","wprm-recipe-roundup-description":"","footnotes":""},"categories":[15634],"tags":[18576,6339,18555],"class_list":["post-94799","post","type-post","status-publish","format-standard","has-post-thumbnail","hentry","category-vivir-trabajar-usa","tag-cubanos-en-estados-unidos","tag-cubanos-en-miami","tag-vivir-en-florida"],"yoast_head":"<!-- This site is optimized with the Yoast SEO Premium plugin v24.8 (Yoast SEO v28.4) - https:\/\/yoast.com\/product\/yoast-seo-premium-wordpress\/ -->\n<title>Cambios en el Obamacare 2025: qui\u00e9nes podr\u00edan perder la cobertura y c\u00f3mo evitarlo<\/title>\n<meta name=\"description\" content=\"Cambios en el Obamacare 2025 podr\u00edan dejar a miles sin subsidios. Descubre qui\u00e9nes perder\u00e1n la cobertura y c\u00f3mo proteger tu seguro\" \/>\n<meta name=\"robots\" content=\"index, follow, max-snippet:-1, max-image-preview:large, max-video-preview:-1\" \/>\n<link rel=\"canonical\" href=\"https:\/\/www.dimecuba.com\/revista\/vivir-trabajar-usa\/cambios-en-el-obamacare-2025-quienes-podrian-perder-la-cobertura-y-como-evitarlo\/\" \/>\n<meta property=\"og:locale\" content=\"es_ES\" \/>\n<meta property=\"og:type\" content=\"article\" \/>\n<meta property=\"og:title\" content=\"Cambios en el Obamacare 2025: qui\u00e9nes podr\u00edan perder la cobertura y c\u00f3mo evitarlo\" \/>\n<meta property=\"og:description\" content=\"Cambios en el Obamacare 2025 podr\u00edan dejar a miles sin subsidios. Descubre qui\u00e9nes perder\u00e1n la cobertura y c\u00f3mo proteger tu seguro\" \/>\n<meta property=\"og:url\" content=\"https:\/\/www.dimecuba.com\/revista\/vivir-trabajar-usa\/cambios-en-el-obamacare-2025-quienes-podrian-perder-la-cobertura-y-como-evitarlo\/\" \/>\n<meta property=\"og:site_name\" content=\"Revista DimeCuba\" \/>\n<meta property=\"article:publisher\" content=\"https:\/\/facebook.com\/DimeCuba\/\" \/>\n<meta property=\"article:published_time\" content=\"2025-09-17T13:52:02+00:00\" \/>\n<meta property=\"og:image\" content=\"https:\/\/www.dimecuba.com\/revista\/wp-content\/uploads\/2023\/02\/seguro-salud-florida.png\" \/>\n\t<meta property=\"og:image:width\" content=\"1280\" \/>\n\t<meta property=\"og:image:height\" content=\"670\" \/>\n\t<meta property=\"og:image:type\" content=\"image\/png\" \/>\n<meta name=\"author\" content=\"anabarbara\" \/>\n<meta name=\"twitter:card\" content=\"summary_large_image\" \/>\n<meta name=\"twitter:creator\" content=\"@dimecuba\" \/>\n<meta name=\"twitter:site\" content=\"@dimecuba\" \/>\n<meta name=\"twitter:label1\" content=\"Escrito por\" \/>\n\t<meta name=\"twitter:data1\" content=\"anabarbara\" \/>\n\t<meta name=\"twitter:label2\" content=\"Tiempo de lectura\" \/>\n\t<meta name=\"twitter:data2\" content=\"4 minutos\" \/>\n<script type=\"application\/ld+json\" class=\"yoast-schema-graph\">{\"@context\":\"https:\\\/\\\/schema.org\",\"@graph\":[{\"@type\":\"NewsArticle\",\"@id\":\"https:\\\/\\\/www.dimecuba.com\\\/revista\\\/vivir-trabajar-usa\\\/cambios-en-el-obamacare-2025-quienes-podrian-perder-la-cobertura-y-como-evitarlo\\\/#article\",\"isPartOf\":{\"@id\":\"https:\\\/\\\/www.dimecuba.com\\\/revista\\\/vivir-trabajar-usa\\\/cambios-en-el-obamacare-2025-quienes-podrian-perder-la-cobertura-y-como-evitarlo\\\/\"},\"author\":{\"name\":\"anabarbara\",\"@id\":\"https:\\\/\\\/www.dimecuba.com\\\/revista\\\/#\\\/schema\\\/person\\\/c9170ad69b8f1747349109bcefe6ea61\"},\"headline\":\"Cambios en el Obamacare 2025: qui\u00e9nes podr\u00edan perder la cobertura y c\u00f3mo evitarlo\",\"datePublished\":\"2025-09-17T13:52:02+00:00\",\"mainEntityOfPage\":{\"@id\":\"https:\\\/\\\/www.dimecuba.com\\\/revista\\\/vivir-trabajar-usa\\\/cambios-en-el-obamacare-2025-quienes-podrian-perder-la-cobertura-y-como-evitarlo\\\/\"},\"wordCount\":693,\"commentCount\":0,\"publisher\":{\"@id\":\"https:\\\/\\\/www.dimecuba.com\\\/revista\\\/#organization\"},\"image\":{\"@id\":\"https:\\\/\\\/www.dimecuba.com\\\/revista\\\/vivir-trabajar-usa\\\/cambios-en-el-obamacare-2025-quienes-podrian-perder-la-cobertura-y-como-evitarlo\\\/#primaryimage\"},\"thumbnailUrl\":\"https:\\\/\\\/www.dimecuba.com\\\/revista\\\/wp-content\\\/uploads\\\/2023\\\/02\\\/seguro-salud-florida.png\",\"keywords\":[\"Cubanos en Estados Unidos\",\"Cubanos en Miami\",\"Vivir en Florida\"],\"articleSection\":[\"VIVIR EN ESTADOS UNIDOS\"],\"inLanguage\":\"es\",\"potentialAction\":[{\"@type\":\"CommentAction\",\"name\":\"Comment\",\"target\":[\"https:\\\/\\\/www.dimecuba.com\\\/revista\\\/vivir-trabajar-usa\\\/cambios-en-el-obamacare-2025-quienes-podrian-perder-la-cobertura-y-como-evitarlo\\\/#respond\"]}]},{\"@type\":\"WebPage\",\"@id\":\"https:\\\/\\\/www.dimecuba.com\\\/revista\\\/vivir-trabajar-usa\\\/cambios-en-el-obamacare-2025-quienes-podrian-perder-la-cobertura-y-como-evitarlo\\\/\",\"url\":\"https:\\\/\\\/www.dimecuba.com\\\/revista\\\/vivir-trabajar-usa\\\/cambios-en-el-obamacare-2025-quienes-podrian-perder-la-cobertura-y-como-evitarlo\\\/\",\"name\":\"Cambios en el Obamacare 2025: qui\u00e9nes podr\u00edan perder la cobertura y c\u00f3mo evitarlo\",\"isPartOf\":{\"@id\":\"https:\\\/\\\/www.dimecuba.com\\\/revista\\\/#website\"},\"primaryImageOfPage\":{\"@id\":\"https:\\\/\\\/www.dimecuba.com\\\/revista\\\/vivir-trabajar-usa\\\/cambios-en-el-obamacare-2025-quienes-podrian-perder-la-cobertura-y-como-evitarlo\\\/#primaryimage\"},\"image\":{\"@id\":\"https:\\\/\\\/www.dimecuba.com\\\/revista\\\/vivir-trabajar-usa\\\/cambios-en-el-obamacare-2025-quienes-podrian-perder-la-cobertura-y-como-evitarlo\\\/#primaryimage\"},\"thumbnailUrl\":\"https:\\\/\\\/www.dimecuba.com\\\/revista\\\/wp-content\\\/uploads\\\/2023\\\/02\\\/seguro-salud-florida.png\",\"datePublished\":\"2025-09-17T13:52:02+00:00\",\"description\":\"Cambios en el Obamacare 2025 podr\u00edan dejar a miles sin subsidios. Descubre qui\u00e9nes perder\u00e1n la cobertura y c\u00f3mo proteger tu seguro\",\"breadcrumb\":{\"@id\":\"https:\\\/\\\/www.dimecuba.com\\\/revista\\\/vivir-trabajar-usa\\\/cambios-en-el-obamacare-2025-quienes-podrian-perder-la-cobertura-y-como-evitarlo\\\/#breadcrumb\"},\"inLanguage\":\"es\",\"potentialAction\":[{\"@type\":\"ReadAction\",\"target\":[\"https:\\\/\\\/www.dimecuba.com\\\/revista\\\/vivir-trabajar-usa\\\/cambios-en-el-obamacare-2025-quienes-podrian-perder-la-cobertura-y-como-evitarlo\\\/\"]}]},{\"@type\":\"ImageObject\",\"inLanguage\":\"es\",\"@id\":\"https:\\\/\\\/www.dimecuba.com\\\/revista\\\/vivir-trabajar-usa\\\/cambios-en-el-obamacare-2025-quienes-podrian-perder-la-cobertura-y-como-evitarlo\\\/#primaryimage\",\"url\":\"https:\\\/\\\/www.dimecuba.com\\\/revista\\\/wp-content\\\/uploads\\\/2023\\\/02\\\/seguro-salud-florida.png\",\"contentUrl\":\"https:\\\/\\\/www.dimecuba.com\\\/revista\\\/wp-content\\\/uploads\\\/2023\\\/02\\\/seguro-salud-florida.png\",\"width\":1280,\"height\":670,\"caption\":\"C\u00f3mo elegir un seguro de salud en la Florida: una decisi\u00f3n importante\"},{\"@type\":\"BreadcrumbList\",\"@id\":\"https:\\\/\\\/www.dimecuba.com\\\/revista\\\/vivir-trabajar-usa\\\/cambios-en-el-obamacare-2025-quienes-podrian-perder-la-cobertura-y-como-evitarlo\\\/#breadcrumb\",\"itemListElement\":[{\"@type\":\"ListItem\",\"position\":1,\"name\":\"Noticias de Cuba\",\"item\":\"https:\\\/\\\/www.dimecuba.com\\\/revista\\\/\"},{\"@type\":\"ListItem\",\"position\":2,\"name\":\"VIVIR EN ESTADOS UNIDOS\",\"item\":\"https:\\\/\\\/www.dimecuba.com\\\/revista\\\/vivir-trabajar-usa\\\/\"},{\"@type\":\"ListItem\",\"position\":3,\"name\":\"Cambios en el Obamacare 2025: qui\u00e9nes podr\u00edan perder la cobertura y c\u00f3mo evitarlo\"}]},{\"@type\":\"WebSite\",\"@id\":\"https:\\\/\\\/www.dimecuba.com\\\/revista\\\/#website\",\"url\":\"https:\\\/\\\/www.dimecuba.com\\\/revista\\\/\",\"name\":\"Revista DimeCuba\",\"description\":\"\u00daltimas noticias y sucesos de Cuba\",\"publisher\":{\"@id\":\"https:\\\/\\\/www.dimecuba.com\\\/revista\\\/#organization\"},\"potentialAction\":[{\"@type\":\"SearchAction\",\"target\":{\"@type\":\"EntryPoint\",\"urlTemplate\":\"https:\\\/\\\/www.dimecuba.com\\\/revista\\\/?s={search_term_string}\"},\"query-input\":{\"@type\":\"PropertyValueSpecification\",\"valueRequired\":true,\"valueName\":\"search_term_string\"}}],\"inLanguage\":\"es\"},{\"@type\":\"Organization\",\"@id\":\"https:\\\/\\\/www.dimecuba.com\\\/revista\\\/#organization\",\"name\":\"DimeCuba\",\"url\":\"https:\\\/\\\/www.dimecuba.com\\\/revista\\\/\",\"logo\":{\"@type\":\"ImageObject\",\"inLanguage\":\"es\",\"@id\":\"https:\\\/\\\/www.dimecuba.com\\\/revista\\\/#\\\/schema\\\/logo\\\/image\\\/\",\"url\":\"https:\\\/\\\/www.dimecuba.com\\\/revista\\\/wp-content\\\/uploads\\\/2018\\\/10\\\/Revista-DimeCuba-logo-sml-3.png\",\"contentUrl\":\"https:\\\/\\\/www.dimecuba.com\\\/revista\\\/wp-content\\\/uploads\\\/2018\\\/10\\\/Revista-DimeCuba-logo-sml-3.png\",\"width\":201,\"height\":57,\"caption\":\"DimeCuba\"},\"image\":{\"@id\":\"https:\\\/\\\/www.dimecuba.com\\\/revista\\\/#\\\/schema\\\/logo\\\/image\\\/\"},\"sameAs\":[\"https:\\\/\\\/facebook.com\\\/DimeCuba\\\/\",\"https:\\\/\\\/x.com\\\/dimecuba\",\"https:\\\/\\\/www.instagram.com\\\/dimecuba\\\/\",\"https:\\\/\\\/www.linkedin.com\\\/company\\\/dimecuba\",\"https:\\\/\\\/www.youtube.com\\\/dimecubaweb\"]},{\"@type\":\"Person\",\"@id\":\"https:\\\/\\\/www.dimecuba.com\\\/revista\\\/#\\\/schema\\\/person\\\/c9170ad69b8f1747349109bcefe6ea61\",\"name\":\"anabarbara\",\"image\":{\"@type\":\"ImageObject\",\"inLanguage\":\"es\",\"@id\":\"https:\\\/\\\/secure.gravatar.com\\\/avatar\\\/b2068d959b6344abe419e9380ad193d5c007cf3d0e838d4a0fccea732b04b99e?s=96&d=mm&r=g\",\"url\":\"https:\\\/\\\/secure.gravatar.com\\\/avatar\\\/b2068d959b6344abe419e9380ad193d5c007cf3d0e838d4a0fccea732b04b99e?s=96&d=mm&r=g\",\"contentUrl\":\"https:\\\/\\\/secure.gravatar.com\\\/avatar\\\/b2068d959b6344abe419e9380ad193d5c007cf3d0e838d4a0fccea732b04b99e?s=96&d=mm&r=g\",\"caption\":\"anabarbara\"},\"url\":\"https:\\\/\\\/www.dimecuba.com\\\/revista\\\/author\\\/anabarbara\\\/\"}]}<\/script>\n<!-- \/ Yoast SEO Premium plugin. -->","yoast_head_json":{"title":"Cambios en el Obamacare 2025: qui\u00e9nes podr\u00edan perder la cobertura y c\u00f3mo evitarlo","description":"Cambios en el Obamacare 2025 podr\u00edan dejar a miles sin subsidios. Descubre qui\u00e9nes perder\u00e1n la cobertura y c\u00f3mo proteger tu seguro","robots":{"index":"index","follow":"follow","max-snippet":"max-snippet:-1","max-image-preview":"max-image-preview:large","max-video-preview":"max-video-preview:-1"},"canonical":"https:\/\/www.dimecuba.com\/revista\/vivir-trabajar-usa\/cambios-en-el-obamacare-2025-quienes-podrian-perder-la-cobertura-y-como-evitarlo\/","og_locale":"es_ES","og_type":"article","og_title":"Cambios en el Obamacare 2025: qui\u00e9nes podr\u00edan perder la cobertura y c\u00f3mo evitarlo","og_description":"Cambios en el Obamacare 2025 podr\u00edan dejar a miles sin subsidios. Descubre qui\u00e9nes perder\u00e1n la cobertura y c\u00f3mo proteger tu seguro","og_url":"https:\/\/www.dimecuba.com\/revista\/vivir-trabajar-usa\/cambios-en-el-obamacare-2025-quienes-podrian-perder-la-cobertura-y-como-evitarlo\/","og_site_name":"Revista DimeCuba","article_publisher":"https:\/\/facebook.com\/DimeCuba\/","article_published_time":"2025-09-17T13:52:02+00:00","og_image":[{"width":1280,"height":670,"url":"https:\/\/www.dimecuba.com\/revista\/wp-content\/uploads\/2023\/02\/seguro-salud-florida.png","type":"image\/png"}],"author":"anabarbara","twitter_card":"summary_large_image","twitter_creator":"@dimecuba","twitter_site":"@dimecuba","twitter_misc":{"Escrito por":"anabarbara","Tiempo de lectura":"4 minutos"},"schema":{"@context":"https:\/\/schema.org","@graph":[{"@type":"NewsArticle","@id":"https:\/\/www.dimecuba.com\/revista\/vivir-trabajar-usa\/cambios-en-el-obamacare-2025-quienes-podrian-perder-la-cobertura-y-como-evitarlo\/#article","isPartOf":{"@id":"https:\/\/www.dimecuba.com\/revista\/vivir-trabajar-usa\/cambios-en-el-obamacare-2025-quienes-podrian-perder-la-cobertura-y-como-evitarlo\/"},"author":{"name":"anabarbara","@id":"https:\/\/www.dimecuba.com\/revista\/#\/schema\/person\/c9170ad69b8f1747349109bcefe6ea61"},"headline":"Cambios en el Obamacare 2025: qui\u00e9nes podr\u00edan perder la cobertura y c\u00f3mo evitarlo","datePublished":"2025-09-17T13:52:02+00:00","mainEntityOfPage":{"@id":"https:\/\/www.dimecuba.com\/revista\/vivir-trabajar-usa\/cambios-en-el-obamacare-2025-quienes-podrian-perder-la-cobertura-y-como-evitarlo\/"},"wordCount":693,"commentCount":0,"publisher":{"@id":"https:\/\/www.dimecuba.com\/revista\/#organization"},"image":{"@id":"https:\/\/www.dimecuba.com\/revista\/vivir-trabajar-usa\/cambios-en-el-obamacare-2025-quienes-podrian-perder-la-cobertura-y-como-evitarlo\/#primaryimage"},"thumbnailUrl":"https:\/\/www.dimecuba.com\/revista\/wp-content\/uploads\/2023\/02\/seguro-salud-florida.png","keywords":["Cubanos en Estados Unidos","Cubanos en Miami","Vivir en Florida"],"articleSection":["VIVIR EN ESTADOS UNIDOS"],"inLanguage":"es","potentialAction":[{"@type":"CommentAction","name":"Comment","target":["https:\/\/www.dimecuba.com\/revista\/vivir-trabajar-usa\/cambios-en-el-obamacare-2025-quienes-podrian-perder-la-cobertura-y-como-evitarlo\/#respond"]}]},{"@type":"WebPage","@id":"https:\/\/www.dimecuba.com\/revista\/vivir-trabajar-usa\/cambios-en-el-obamacare-2025-quienes-podrian-perder-la-cobertura-y-como-evitarlo\/","url":"https:\/\/www.dimecuba.com\/revista\/vivir-trabajar-usa\/cambios-en-el-obamacare-2025-quienes-podrian-perder-la-cobertura-y-como-evitarlo\/","name":"Cambios en el Obamacare 2025: qui\u00e9nes podr\u00edan perder la cobertura y c\u00f3mo evitarlo","isPartOf":{"@id":"https:\/\/www.dimecuba.com\/revista\/#website"},"primaryImageOfPage":{"@id":"https:\/\/www.dimecuba.com\/revista\/vivir-trabajar-usa\/cambios-en-el-obamacare-2025-quienes-podrian-perder-la-cobertura-y-como-evitarlo\/#primaryimage"},"image":{"@id":"https:\/\/www.dimecuba.com\/revista\/vivir-trabajar-usa\/cambios-en-el-obamacare-2025-quienes-podrian-perder-la-cobertura-y-como-evitarlo\/#primaryimage"},"thumbnailUrl":"https:\/\/www.dimecuba.com\/revista\/wp-content\/uploads\/2023\/02\/seguro-salud-florida.png","datePublished":"2025-09-17T13:52:02+00:00","description":"Cambios en el Obamacare 2025 podr\u00edan dejar a miles sin subsidios. Descubre qui\u00e9nes perder\u00e1n la cobertura y c\u00f3mo proteger tu seguro","breadcrumb":{"@id":"https:\/\/www.dimecuba.com\/revista\/vivir-trabajar-usa\/cambios-en-el-obamacare-2025-quienes-podrian-perder-la-cobertura-y-como-evitarlo\/#breadcrumb"},"inLanguage":"es","potentialAction":[{"@type":"ReadAction","target":["https:\/\/www.dimecuba.com\/revista\/vivir-trabajar-usa\/cambios-en-el-obamacare-2025-quienes-podrian-perder-la-cobertura-y-como-evitarlo\/"]}]},{"@type":"ImageObject","inLanguage":"es","@id":"https:\/\/www.dimecuba.com\/revista\/vivir-trabajar-usa\/cambios-en-el-obamacare-2025-quienes-podrian-perder-la-cobertura-y-como-evitarlo\/#primaryimage","url":"https:\/\/www.dimecuba.com\/revista\/wp-content\/uploads\/2023\/02\/seguro-salud-florida.png","contentUrl":"https:\/\/www.dimecuba.com\/revista\/wp-content\/uploads\/2023\/02\/seguro-salud-florida.png","width":1280,"height":670,"caption":"C\u00f3mo elegir un seguro de salud en la Florida: una decisi\u00f3n importante"},{"@type":"BreadcrumbList","@id":"https:\/\/www.dimecuba.com\/revista\/vivir-trabajar-usa\/cambios-en-el-obamacare-2025-quienes-podrian-perder-la-cobertura-y-como-evitarlo\/#breadcrumb","itemListElement":[{"@type":"ListItem","position":1,"name":"Noticias de Cuba","item":"https:\/\/www.dimecuba.com\/revista\/"},{"@type":"ListItem","position":2,"name":"VIVIR EN ESTADOS UNIDOS","item":"https:\/\/www.dimecuba.com\/revista\/vivir-trabajar-usa\/"},{"@type":"ListItem","position":3,"name":"Cambios en el Obamacare 2025: qui\u00e9nes podr\u00edan perder la cobertura y c\u00f3mo evitarlo"}]},{"@type":"WebSite","@id":"https:\/\/www.dimecuba.com\/revista\/#website","url":"https:\/\/www.dimecuba.com\/revista\/","name":"Revista DimeCuba","description":"\u00daltimas noticias y sucesos de Cuba","publisher":{"@id":"https:\/\/www.dimecuba.com\/revista\/#organization"},"potentialAction":[{"@type":"SearchAction","target":{"@type":"EntryPoint","urlTemplate":"https:\/\/www.dimecuba.com\/revista\/?s={search_term_string}"},"query-input":{"@type":"PropertyValueSpecification","valueRequired":true,"valueName":"search_term_string"}}],"inLanguage":"es"},{"@type":"Organization","@id":"https:\/\/www.dimecuba.com\/revista\/#organization","name":"DimeCuba","url":"https:\/\/www.dimecuba.com\/revista\/","logo":{"@type":"ImageObject","inLanguage":"es","@id":"https:\/\/www.dimecuba.com\/revista\/#\/schema\/logo\/image\/","url":"https:\/\/www.dimecuba.com\/revista\/wp-content\/uploads\/2018\/10\/Revista-DimeCuba-logo-sml-3.png","contentUrl":"https:\/\/www.dimecuba.com\/revista\/wp-content\/uploads\/2018\/10\/Revista-DimeCuba-logo-sml-3.png","width":201,"height":57,"caption":"DimeCuba"},"image":{"@id":"https:\/\/www.dimecuba.com\/revista\/#\/schema\/logo\/image\/"},"sameAs":["https:\/\/facebook.com\/DimeCuba\/","https:\/\/x.com\/dimecuba","https:\/\/www.instagram.com\/dimecuba\/","https:\/\/www.linkedin.com\/company\/dimecuba","https:\/\/www.youtube.com\/dimecubaweb"]},{"@type":"Person","@id":"https:\/\/www.dimecuba.com\/revista\/#\/schema\/person\/c9170ad69b8f1747349109bcefe6ea61","name":"anabarbara","image":{"@type":"ImageObject","inLanguage":"es","@id":"https:\/\/secure.gravatar.com\/avatar\/b2068d959b6344abe419e9380ad193d5c007cf3d0e838d4a0fccea732b04b99e?s=96&d=mm&r=g","url":"https:\/\/secure.gravatar.com\/avatar\/b2068d959b6344abe419e9380ad193d5c007cf3d0e838d4a0fccea732b04b99e?s=96&d=mm&r=g","contentUrl":"https:\/\/secure.gravatar.com\/avatar\/b2068d959b6344abe419e9380ad193d5c007cf3d0e838d4a0fccea732b04b99e?s=96&d=mm&r=g","caption":"anabarbara"},"url":"https:\/\/www.dimecuba.com\/revista\/author\/anabarbara\/"}]}},"_links":{"self":[{"href":"https:\/\/www.dimecuba.com\/revista\/wp-json\/wp\/v2\/posts\/94799","targetHints":{"allow":["GET"]}}],"collection":[{"href":"https:\/\/www.dimecuba.com\/revista\/wp-json\/wp\/v2\/posts"}],"about":[{"href":"https:\/\/www.dimecuba.com\/revista\/wp-json\/wp\/v2\/types\/post"}],"author":[{"embeddable":true,"href":"https:\/\/www.dimecuba.com\/revista\/wp-json\/wp\/v2\/users\/33"}],"replies":[{"embeddable":true,"href":"https:\/\/www.dimecuba.com\/revista\/wp-json\/wp\/v2\/comments?post=94799"}],"version-history":[{"count":0,"href":"https:\/\/www.dimecuba.com\/revista\/wp-json\/wp\/v2\/posts\/94799\/revisions"}],"wp:featuredmedia":[{"embeddable":true,"href":"https:\/\/www.dimecuba.com\/revista\/wp-json\/wp\/v2\/media\/82113"}],"wp:attachment":[{"href":"https:\/\/www.dimecuba.com\/revista\/wp-json\/wp\/v2\/media?parent=94799"}],"wp:term":[{"taxonomy":"category","embeddable":true,"href":"https:\/\/www.dimecuba.com\/revista\/wp-json\/wp\/v2\/categories?post=94799"},{"taxonomy":"post_tag","embeddable":true,"href":"https:\/\/www.dimecuba.com\/revista\/wp-json\/wp\/v2\/tags?post=94799"}],"curies":[{"name":"wp","href":"https:\/\/api.w.org\/{rel}","templated":true}]}}