{"id":96618,"date":"2026-08-30T16:58:39","date_gmt":"2026-08-30T16:58:39","guid":{"rendered":"https:\/\/www.dimecuba.com\/revista\/?p=96618"},"modified":"2026-08-30T17:00:37","modified_gmt":"2026-08-30T17:00:37","slug":"cumpleanos-william-levy","status":"publish","type":"post","link":"https:\/\/www.dimecuba.com\/revista\/cubanos\/cumpleanos-william-levy\/","title":{"rendered":"Cumplea\u00f1os de William Levy: llega a los 46 a\u00f1os y sus confesiones"},"content":{"rendered":"<p>El cumplea\u00f1os de William Levi se celebr\u00f3 este 29 de agosto de 2026, cuando el actor cubano William Levy cumpli\u00f3 46 a\u00f1os. Nacido el 29 de agosto de 1980, recibi\u00f3 numerosos mensajes de cari\u00f1o de seguidores, medios y compa\u00f1\u00edas relacionadas con su carrera.<\/p>\n<p>Esta nueva celebraci\u00f3n encuentra a <a href=\"https:\/\/www.dimecuba.com\/revista\/cubanos\/william-levy-cumpleanos\/\">William Levy<\/a> en una etapa de mucho movimiento profesional. Espa\u00f1a y, en particular, las Islas Canarias se han convertido en escenarios importantes dentro de sus proyectos recientes, mientras el actor contin\u00faa hablando con franqueza sobre sus hijos, el amor y la forma en que intenta equilibrar la familia con su carrera.<\/p>\n<p>Entre los mensajes publicados por el cumplea\u00f1os de William Levi aparecen felicitaciones de Telemundo Internacional, Secuoya Studios, Aura Rond\u00f3n y comunidades internacionales dedicadas a seguir su trayectoria.<\/p>\n<blockquote class=\"instagram-media\" style=\"background: #FFF; border: 0; border-radius: 3px; box-shadow: 0 0 1px 0 rgba(0,0,0,0.5),0 1px 10px 0 rgba(0,0,0,0.15); margin: 1px; max-width: 540px; min-width: 326px; padding: 0; width: calc(100% - 2px);\" data-instgrm-captioned=\"\" data-instgrm-permalink=\"https:\/\/www.instagram.com\/p\/DXCqFd4DoAZ\/?utm_source=ig_embed&amp;utm_campaign=loading\" data-instgrm-version=\"14\">\n<div style=\"padding: 16px;\">\n<p>&nbsp;<\/p>\n<div style=\"display: flex; flex-direction: row; align-items: center;\">\n<div style=\"background-color: #f4f4f4; border-radius: 50%; flex-grow: 0; height: 40px; margin-right: 14px; width: 40px;\"><\/div>\n<div style=\"display: flex; flex-direction: column; flex-grow: 1; justify-content: center;\">\n<div style=\"background-color: #f4f4f4; border-radius: 4px; flex-grow: 0; height: 14px; margin-bottom: 6px; width: 100px;\"><\/div>\n<div style=\"background-color: #f4f4f4; border-radius: 4px; flex-grow: 0; height: 14px; width: 60px;\"><\/div>\n<\/div>\n<\/div>\n<div style=\"padding: 19% 0;\"><\/div>\n<div style=\"display: block; height: 50px; margin: 0 auto 12px; width: 50px;\"><\/div>\n<div style=\"padding-top: 8px;\">\n<div style=\"color: #3897f0; font-family: Arial,sans-serif; font-size: 14px; font-style: normal; font-weight: 550; line-height: 18px;\">Ver esta publicaci\u00f3n en Instagram<\/div>\n<\/div>\n<div style=\"padding: 12.5% 0;\"><\/div>\n<div style=\"display: flex; flex-direction: row; margin-bottom: 14px; align-items: center;\">\n<div>\n<div style=\"background-color: #f4f4f4; border-radius: 50%; height: 12.5px; width: 12.5px; transform: translateX(0px) translateY(7px);\"><\/div>\n<div style=\"background-color: #f4f4f4; height: 12.5px; transform: rotate(-45deg) translateX(3px) translateY(1px); width: 12.5px; flex-grow: 0; margin-right: 14px; margin-left: 2px;\"><\/div>\n<div style=\"background-color: #f4f4f4; border-radius: 50%; height: 12.5px; width: 12.5px; transform: translateX(9px) translateY(-18px);\"><\/div>\n<\/div>\n<div style=\"margin-left: 8px;\">\n<div style=\"background-color: #f4f4f4; border-radius: 50%; flex-grow: 0; height: 20px; width: 20px;\"><\/div>\n<div style=\"width: 0; height: 0; border-top: 2px solid transparent; border-left: 6px solid #f4f4f4; border-bottom: 2px solid transparent; transform: translateX(16px) translateY(-4px) rotate(30deg);\"><\/div>\n<\/div>\n<div style=\"margin-left: auto;\">\n<div style=\"width: 0px; border-top: 8px solid #F4F4F4; border-right: 8px solid transparent; transform: translateY(16px);\"><\/div>\n<div style=\"background-color: #f4f4f4; flex-grow: 0; height: 12px; width: 16px; transform: translateY(-4px);\"><\/div>\n<div style=\"width: 0; height: 0; border-top: 8px solid #F4F4F4; border-left: 8px solid transparent; transform: translateY(-4px) translateX(8px);\"><\/div>\n<\/div>\n<\/div>\n<div style=\"display: flex; flex-direction: column; flex-grow: 1; justify-content: center; margin-bottom: 24px;\">\n<div style=\"background-color: #f4f4f4; border-radius: 4px; flex-grow: 0; height: 14px; margin-bottom: 6px; width: 224px;\"><\/div>\n<div style=\"background-color: #f4f4f4; border-radius: 4px; flex-grow: 0; height: 14px; width: 144px;\"><\/div>\n<\/div>\n<p>&nbsp;<\/p>\n<p style=\"color: #c9c8cd; font-family: Arial,sans-serif; font-size: 14px; line-height: 17px; margin-bottom: 0; margin-top: 8px; overflow: hidden; padding: 8px 0 7px; text-align: center; text-overflow: ellipsis; white-space: nowrap;\"><a style=\"color: #c9c8cd; font-family: Arial,sans-serif; font-size: 14px; font-style: normal; font-weight: normal; line-height: 17px; text-decoration: none;\" href=\"https:\/\/www.instagram.com\/p\/DXCqFd4DoAZ\/?utm_source=ig_embed&amp;utm_campaign=loading\" target=\"_blank\" rel=\"noopener\">Una publicaci\u00f3n compartida de William Levy \/ Actor Producer (@willevy)<\/a><\/p>\n<\/div>\n<\/blockquote>\n<p><script async src=\"\/\/www.instagram.com\/embed.js\"><\/script><\/p>\n<h2>Felicitaciones por el cumplea\u00f1os de William Levi en 2026<\/h2>\n<p>Las redes sociales volvieron a llenarse de mensajes para el actor durante su cumplea\u00f1os n\u00famero 46. Varias cuentas publicaron felicitaciones el mismo 29 de agosto y recordaron diferentes etapas de su trayectoria.<\/p>\n<h3>Aura Rond\u00f3n felicita a William Levy<\/h3>\n<p>Aura Rond\u00f3n dedic\u00f3 una publicaci\u00f3n al actor el mismo 29 de agosto. En el mensaje pod\u00eda leerse: \u00abFELIZ CUMPLEA\u00d1OS para nuestro actor favorito @willevy\u00bb.<\/p>\n<p>La publicaci\u00f3n estuvo acompa\u00f1ada de un reel dedicado al protagonista cubano y se sum\u00f3 a las felicitaciones difundidas durante la jornada.<\/p>\n<p><a href=\"https:\/\/www.instagram.com\/reels\/DcoJmZ1u8FK\/\" target=\"_blank\" rel=\"noopener\">Ver la felicitaci\u00f3n de Aura Rond\u00f3n a William Levy en Instagram<\/a><\/p>\n<h3>William Levy World Slovakia celebra sus 46 a\u00f1os<\/h3>\n<p>La comunidad internacional William Levy World Slovakia tambi\u00e9n record\u00f3 la fecha con una publicaci\u00f3n dedicada expresamente al actor.<\/p>\n<p>\u00abHoy 29 de Agosto, celebramos el cumplea\u00f1os de nuestro gran hombre William Levy\u00bb, comenzaba el mensaje compartido por la cuenta.<\/p>\n<p>La publicaci\u00f3n confirma que el actor mantiene una comunidad de seguidores activa m\u00e1s all\u00e1 de Cuba, Estados Unidos, Espa\u00f1a y Latinoam\u00e9rica.<\/p>\n<p><a href=\"https:\/\/www.instagram.com\/p\/Dco2gQsI67d\" target=\"_blank\" rel=\"noopener\">Ver la felicitaci\u00f3n de William Levy World Slovakia en Instagram<\/a><\/p>\n<h3>Telemundo Internacional recuerda a su \u00abgal\u00e1n de todos los tiempos\u00bb<\/h3>\n<p>Telemundo Internacional tampoco dej\u00f3 pasar el cumplea\u00f1os de William Levy. La cuenta felicit\u00f3 al actor por sus 46 a\u00f1os y utiliz\u00f3 una descripci\u00f3n muy ligada a la imagen que ha mantenido durante d\u00e9cadas en la televisi\u00f3n hispana: \u00abGal\u00e1n de todos los tiempos\u00bb.<\/p>\n<p>El mensaje tiene un significado especial por la larga relaci\u00f3n de Levy con la televisi\u00f3n en espa\u00f1ol y por la enorme popularidad que alcanz\u00f3 desde sus primeros trabajos en telenovelas.<\/p>\n<p><a href=\"https:\/\/www.instagram.com\/p\/DcoFK9uBqNg\" target=\"_blank\" rel=\"noopener\">Ver la felicitaci\u00f3n de Telemundo Internacional a William Levy en Instagram<\/a><\/p>\n<h3>Secuoya Studios celebra otro a\u00f1o junto a William Levy<\/h3>\n<p>Una de las felicitaciones m\u00e1s relacionadas con el presente profesional del actor lleg\u00f3 de Secuoya Studios, compa\u00f1\u00eda con la que William Levy ha desarrollado varios de sus proyectos recientes.<\/p>\n<p>\u00abOtro a\u00f1o m\u00e1s celebrando \u00e9xitos juntos\u00bb, se\u00f1al\u00f3 la publicaci\u00f3n dedicada al cubano.<\/p>\n<p>El mensaje resulta especialmente oportuno porque Levy mantiene una estrecha relaci\u00f3n profesional con Secuoya y ha participado como actor y productor en diferentes producciones desarrolladas en Espa\u00f1a.<\/p>\n<p><a href=\"https:\/\/www.instagram.com\/p\/DcnxFyJRiWV\" target=\"_blank\" rel=\"noopener\">Ver la felicitaci\u00f3n relacionada con Secuoya Studios en Instagram<\/a><\/p>\n<blockquote class=\"instagram-media\" style=\"background: #FFF; border: 0; border-radius: 3px; box-shadow: 0 0 1px 0 rgba(0,0,0,0.5),0 1px 10px 0 rgba(0,0,0,0.15); margin: 1px; max-width: 540px; min-width: 326px; padding: 0; width: calc(100% - 2px);\" data-instgrm-captioned=\"\" data-instgrm-permalink=\"https:\/\/www.instagram.com\/reel\/DcnxFyJRiWV\/?utm_source=ig_embed&amp;utm_campaign=loading\" data-instgrm-version=\"14\">\n<div style=\"padding: 16px;\">\n<p>&nbsp;<\/p>\n<div style=\"display: flex; flex-direction: row; align-items: center;\">\n<div style=\"background-color: #f4f4f4; border-radius: 50%; flex-grow: 0; height: 40px; margin-right: 14px; width: 40px;\"><\/div>\n<div style=\"display: flex; flex-direction: column; flex-grow: 1; justify-content: center;\">\n<div style=\"background-color: #f4f4f4; border-radius: 4px; flex-grow: 0; height: 14px; margin-bottom: 6px; width: 100px;\"><\/div>\n<div style=\"background-color: #f4f4f4; border-radius: 4px; flex-grow: 0; height: 14px; width: 60px;\"><\/div>\n<\/div>\n<\/div>\n<div style=\"padding: 19% 0;\"><\/div>\n<div style=\"display: block; height: 50px; margin: 0 auto 12px; width: 50px;\"><\/div>\n<div style=\"padding-top: 8px;\">\n<div style=\"color: #3897f0; font-family: Arial,sans-serif; font-size: 14px; font-style: normal; font-weight: 550; line-height: 18px;\">Ver esta publicaci\u00f3n en Instagram<\/div>\n<\/div>\n<div style=\"padding: 12.5% 0;\"><\/div>\n<div style=\"display: flex; flex-direction: row; margin-bottom: 14px; align-items: center;\">\n<div>\n<div style=\"background-color: #f4f4f4; border-radius: 50%; height: 12.5px; width: 12.5px; transform: translateX(0px) translateY(7px);\"><\/div>\n<div style=\"background-color: #f4f4f4; height: 12.5px; transform: rotate(-45deg) translateX(3px) translateY(1px); width: 12.5px; flex-grow: 0; margin-right: 14px; margin-left: 2px;\"><\/div>\n<div style=\"background-color: #f4f4f4; border-radius: 50%; height: 12.5px; width: 12.5px; transform: translateX(9px) translateY(-18px);\"><\/div>\n<\/div>\n<div style=\"margin-left: 8px;\">\n<div style=\"background-color: #f4f4f4; border-radius: 50%; flex-grow: 0; height: 20px; width: 20px;\"><\/div>\n<div style=\"width: 0; height: 0; border-top: 2px solid transparent; border-left: 6px solid #f4f4f4; border-bottom: 2px solid transparent; transform: translateX(16px) translateY(-4px) rotate(30deg);\"><\/div>\n<\/div>\n<div style=\"margin-left: auto;\">\n<div style=\"width: 0px; border-top: 8px solid #F4F4F4; border-right: 8px solid transparent; transform: translateY(16px);\"><\/div>\n<div style=\"background-color: #f4f4f4; flex-grow: 0; height: 12px; width: 16px; transform: translateY(-4px);\"><\/div>\n<div style=\"width: 0; height: 0; border-top: 8px solid #F4F4F4; border-left: 8px solid transparent; transform: translateY(-4px) translateX(8px);\"><\/div>\n<\/div>\n<\/div>\n<div style=\"display: flex; flex-direction: column; flex-grow: 1; justify-content: center; margin-bottom: 24px;\">\n<div style=\"background-color: #f4f4f4; border-radius: 4px; flex-grow: 0; height: 14px; margin-bottom: 6px; width: 224px;\"><\/div>\n<div style=\"background-color: #f4f4f4; border-radius: 4px; flex-grow: 0; height: 14px; width: 144px;\"><\/div>\n<\/div>\n<p>&nbsp;<\/p>\n<p style=\"color: #c9c8cd; font-family: Arial,sans-serif; font-size: 14px; line-height: 17px; margin-bottom: 0; margin-top: 8px; overflow: hidden; padding: 8px 0 7px; text-align: center; text-overflow: ellipsis; white-space: nowrap;\"><a style=\"color: #c9c8cd; font-family: Arial,sans-serif; font-size: 14px; font-style: normal; font-weight: normal; line-height: 17px; text-decoration: none;\" href=\"https:\/\/www.instagram.com\/reel\/DcnxFyJRiWV\/?utm_source=ig_embed&amp;utm_campaign=loading\" target=\"_blank\" rel=\"noopener\">Una publicaci\u00f3n compartida de ferlovewilliam (@ferlovewilliam)<\/a><\/p>\n<\/div>\n<\/blockquote>\n<p><script async src=\"\/\/www.instagram.com\/embed.js\"><\/script><\/p>\n<h2>William Levy habla de Tenerife y de una etapa importante en su carrera<\/h2>\n<p>El cumplea\u00f1os de William Levi llega despu\u00e9s de una etapa profesional estrechamente ligada a Espa\u00f1a. En una de sus conversaciones con el periodista Jordi Martin, el actor habl\u00f3 con especial cari\u00f1o de Tenerife y de los proyectos que hab\u00eda rodado all\u00ed.<\/p>\n<p>\u00abHa sido tres proyectos ya que he hecho ah\u00ed\u00bb, cont\u00f3 Levy al referirse a su relaci\u00f3n con la isla. Entre ellos mencion\u00f3 <em>Montecristo<\/em>, <em>Bajo un volc\u00e1n<\/em> y <em>Camino a Arcadia<\/em>.<\/p>\n<p>Al recordar el rodaje de <em>Bajo un volc\u00e1n<\/em>, habl\u00f3 de los paisajes de Tenerife y de la experiencia de filmar en el entorno del Teide.<\/p>\n<p>Seg\u00fan explic\u00f3, se trataba de una producci\u00f3n pensada para un p\u00fablico amplio y con una combinaci\u00f3n de g\u00e9neros.<\/p>\n<p>\u00abTiene romance, tiene acci\u00f3n, tiene drama, tiene comedia\u00bb, coment\u00f3 durante la entrevista.<\/p>\n<p>William tambi\u00e9n destac\u00f3 el cari\u00f1o con el que ha sido recibido en Tenerife y en las Islas Canarias.<\/p>\n<p>Para Levy, interpretar a un capit\u00e1n relacionado con la Unidad Militar de Emergencias espa\u00f1ola implic\u00f3 adem\u00e1s una responsabilidad especial. El actor explic\u00f3 que conoc\u00eda el trabajo de la UME y sus operaciones de ayuda y servicio.<\/p>\n<h2>\u00bfSe hab\u00eda reconciliado con Elizabeth Guti\u00e9rrez?<\/h2>\n<p>La vida sentimental tambi\u00e9n apareci\u00f3 durante aquella entrevista. Jordi Martin le pregunt\u00f3 directamente por las informaciones que circulaban en Estados Unidos sobre una supuesta reconciliaci\u00f3n con Elizabeth Guti\u00e9rrez, madre de sus dos hijos.<\/p>\n<p>William Levy rechaz\u00f3 tajantemente aquellos rumores.<\/p>\n<p>\u00abEso es una cosa absurda\u00bb, respondi\u00f3 antes de pedir respeto para sus hijos y para la familia.<\/p>\n<p>El actor dej\u00f3 claro que no quer\u00eda seguir alimentando continuamente la conversaci\u00f3n sobre si hab\u00eda regresado o no con Elizabeth.<\/p>\n<p>\u00abHay respeto por mis chicos, respeto por la familia\u00bb, se\u00f1al\u00f3 al responder a la pregunta.<\/p>\n<p>Cuando el periodista le pregunt\u00f3 si se consideraba desafortunado en el amor, Levy tampoco estuvo de acuerdo.<\/p>\n<p>\u00abMe siento una persona afortunada en todos los sentidos\u00bb, respondi\u00f3.<\/p>\n<h2>William Levy asegura que est\u00e1 abierto al amor<\/h2>\n<p>La conversaci\u00f3n dej\u00f3, sin embargo, una confesi\u00f3n sobre su situaci\u00f3n sentimental en aquel momento.<\/p>\n<p>\u00abEsto es una etapa donde estoy buscando el amor\u00bb, asegur\u00f3 William.<\/p>\n<p>M\u00e1s adelante explic\u00f3 que no hab\u00eda una persona concreta en su vida y que simplemente se encontraba dispuesto a conocer a alguien.<\/p>\n<p>\u00abEstoy abierto al amor y si cuando venga, que venga\u00bb, coment\u00f3.<\/p>\n<p>Mientras tanto, asegur\u00f3 que prefer\u00eda concentrarse en sus hijos, sus proyectos profesionales y su propia vida.<\/p>\n<p>\u00abYa vendr\u00e1 alguien\u00bb, a\u00f1adi\u00f3.<\/p>\n<p>Estas declaraciones corresponden a la conversaci\u00f3n con Jordi Martin y describen el momento personal que atravesaba el actor cuando concedi\u00f3 aquella entrevista. Por tanto, no permiten afirmar que su situaci\u00f3n sentimental sea necesariamente la misma en agosto de 2026.<\/p>\n<h2>Sus hijos contin\u00faan siendo una prioridad<\/h2>\n<p>Otro asunto al que William Levy dedic\u00f3 buena parte de la conversaci\u00f3n fue la paternidad.<\/p>\n<p>El actor explic\u00f3 que desde hace varios a\u00f1os intenta organizar su calendario de una forma muy concreta: trabaja aproximadamente seis meses y procura reservar otros seis para compartir con sus hijos.<\/p>\n<p>\u00abPrimero que nada soy padre y despu\u00e9s soy profesional\u00bb, asegur\u00f3.<\/p>\n<p>Para William, este reparto del tiempo constituye una manera de equilibrar dos partes fundamentales de su vida.<\/p>\n<p>La relaci\u00f3n con sus hijos tambi\u00e9n comienza a cruzarse directamente con su carrera profesional. Durante aquella entrevista adelant\u00f3 uno de los proyectos que m\u00e1s ilusi\u00f3n le hac\u00eda: trabajar junto a su hija Kailey.<\/p>\n<p>\u00abVa a ser una experiencia muy linda para nosotros y para el p\u00fablico tambi\u00e9n vernos trabajar juntos\u00bb, explic\u00f3 entonces, aunque evit\u00f3 adelantar m\u00e1s detalles sobre la producci\u00f3n.<\/p>\n<h2>Una entrevista reciente muestra otro lado de William Levy<\/h2>\n<p>Antes del cumplea\u00f1os de William Levi, el actor volvi\u00f3 a hablar sobre sus prioridades durante una entrevista publicada por <em>\u00a1HOLA!<\/em> el 11 de julio de 2026.<\/p>\n<p>La conversaci\u00f3n tuvo lugar durante una visita al Club de la Fundaci\u00f3n Juegaterapia en Madrid, donde comparti\u00f3 una jornada con ni\u00f1os y adolescentes en tratamiento oncol\u00f3gico.<\/p>\n<p>La experiencia llev\u00f3 a Levy a hablar de la educaci\u00f3n que intenta transmitir a Christopher y Kailey y de su propia forma de entender el \u00e9xito.<\/p>\n<p>\u00abQuiero que entiendan que el \u00e9xito no significa nada si no tienes empat\u00eda\u00bb, afirm\u00f3 al explicar los valores que intenta inculcar a sus hijos.<\/p>\n<p>Tambi\u00e9n habl\u00f3 de la importancia que Espa\u00f1a ha adquirido en su vida profesional y de su relaci\u00f3n de trabajo con Secuoya Studios para desarrollar nuevos proyectos.<\/p>\n<p><a href=\"https:\/\/www.hola.com\/actualidad\/20260711911372\/william-levy-ultima-soldaria-visita-espana-exito-no-es-nada-si-no-tienes-empatia\/\" target=\"_blank\" rel=\"noopener\">Leer la entrevista reciente de William Levy en \u00a1HOLA!<\/a><\/p>\n<p>Esta conversaci\u00f3n ofrece una imagen diferente a las entrevistas centradas casi exclusivamente en romances o pol\u00e9micas. A pocas semanas de cumplir 46 a\u00f1os, Levy hablaba principalmente sobre sus hijos, su trabajo y los valores que intenta transmitirles.<\/p>\n<h2>Cumplea\u00f1os de William Levi a los 46 a\u00f1os: familia, trabajo y nuevos proyectos<\/h2>\n<p>El cumplea\u00f1os de William Levi encuentra al actor cubano en una etapa en la que ha ampliado su trabajo detr\u00e1s de las c\u00e1maras y mantiene una importante relaci\u00f3n profesional con Espa\u00f1a.<\/p>\n<p>El v\u00ednculo con Secuoya Studios, precisamente una de las compa\u00f1\u00edas que lo felicit\u00f3 p\u00fablicamente por su cumplea\u00f1os, le ha permitido participar como protagonista y productor en distintos proyectos internacionales.<\/p>\n<p>A ello se suma la posibilidad de compartir un proyecto con Kailey, una experiencia que conecta directamente dos de los asuntos que m\u00e1s aparecen cuando William habla de su vida: la actuaci\u00f3n y sus hijos.<\/p>\n<p>Mientras su situaci\u00f3n sentimental contin\u00faa despertando curiosidad, el propio actor parece preferir una explicaci\u00f3n mucho m\u00e1s sencilla. Est\u00e1 abierto a lo que pueda ocurrir, pero no quiere que cada rumor termine ocupando el centro de su vida.<\/p>\n<p>A sus 46 a\u00f1os, las felicitaciones recibidas en Instagram muestran que su trayectoria contin\u00faa reuniendo seguidores de diferentes pa\u00edses.<\/p>\n<p>Telemundo Internacional lo record\u00f3 como su \u00abgal\u00e1n de todos los tiempos\u00bb. Una publicaci\u00f3n relacionada con Secuoya Studios celebr\u00f3 otro a\u00f1o de \u00e9xitos compartidos. Aura Rond\u00f3n y comunidades internacionales de seguidores tambi\u00e9n se sumaron a los mensajes.<\/p>\n<p>As\u00ed transcurri\u00f3 el cumplea\u00f1os de William Levi en 2026: entre felicitaciones, nuevos proyectos, recuerdos de sus rodajes en Espa\u00f1a y una etapa en la que, seg\u00fan sus propias palabras, sus hijos contin\u00faan ocupando un lugar fundamental.<\/p>\n","protected":false},"excerpt":{"rendered":"<p>William Levy acaba de cumplir 46 a\u00f1os y llega a esta nueva etapa con nuevos proyectos, m\u00e1s tiempo para sus hijos y varias confesiones personales que han dado mucho de qu\u00e9 hablar.<\/p>\n","protected":false},"author":13,"featured_media":96620,"comment_status":"open","ping_status":"closed","sticky":false,"template":"","format":"standard","meta":{"colormag_page_container_layout":"default_layout","colormag_page_sidebar_layout":"default_layout","wprm-recipe-roundup-name":"","wprm-recipe-roundup-description":"","footnotes":""},"categories":[4032],"tags":[],"class_list":["post-96618","post","type-post","status-publish","format-standard","has-post-thumbnail","hentry","category-cubanos"],"yoast_head":"<!-- This site is optimized with the Yoast SEO Premium plugin v24.8 (Yoast SEO v28.3) - https:\/\/yoast.com\/product\/yoast-seo-premium-wordpress\/ -->\n<title>Cumplea\u00f1os de William Levy: llega a los 46 a\u00f1os y sus confesiones<\/title>\n<meta name=\"description\" content=\"Cumplea\u00f1os de William Levi: el actor cubano celebra 46 a\u00f1os entre felicitaciones, nuevos proyectos y declaraciones recientes.\" \/>\n<meta name=\"robots\" content=\"index, follow, max-snippet:-1, max-image-preview:large, max-video-preview:-1\" \/>\n<link rel=\"canonical\" href=\"https:\/\/www.dimecuba.com\/revista\/cubanos\/cumpleanos-william-levy\/\" \/>\n<meta property=\"og:locale\" content=\"es_ES\" \/>\n<meta property=\"og:type\" content=\"article\" \/>\n<meta property=\"og:title\" content=\"Cumplea\u00f1os de William Levy: llega a los 46 a\u00f1os y sus confesiones\" \/>\n<meta property=\"og:description\" content=\"Cumplea\u00f1os de William Levi: el actor cubano celebra 46 a\u00f1os entre felicitaciones, nuevos proyectos y declaraciones recientes.\" \/>\n<meta property=\"og:url\" content=\"https:\/\/www.dimecuba.com\/revista\/cubanos\/cumpleanos-william-levy\/\" \/>\n<meta property=\"og:site_name\" content=\"Revista DimeCuba\" \/>\n<meta property=\"article:publisher\" content=\"https:\/\/facebook.com\/DimeCuba\/\" \/>\n<meta property=\"article:published_time\" content=\"2026-08-30T16:58:39+00:00\" \/>\n<meta property=\"article:modified_time\" content=\"2026-08-30T17:00:37+00:00\" \/>\n<meta property=\"og:image\" content=\"https:\/\/www.dimecuba.com\/revista\/wp-content\/uploads\/2026\/08\/cumpleanos-william-levi.webp\" \/>\n\t<meta property=\"og:image:width\" content=\"1280\" \/>\n\t<meta property=\"og:image:height\" content=\"670\" \/>\n\t<meta property=\"og:image:type\" content=\"image\/webp\" \/>\n<meta name=\"author\" content=\"Redacci\u00f3n\" \/>\n<meta name=\"twitter:card\" content=\"summary_large_image\" \/>\n<meta name=\"twitter:creator\" content=\"@dimecuba\" \/>\n<meta name=\"twitter:site\" content=\"@dimecuba\" \/>\n<meta name=\"twitter:label1\" content=\"Escrito por\" \/>\n\t<meta name=\"twitter:data1\" content=\"Redacci\u00f3n\" \/>\n\t<meta name=\"twitter:label2\" content=\"Tiempo de lectura\" \/>\n\t<meta name=\"twitter:data2\" content=\"8 minutos\" \/>\n<script type=\"application\/ld+json\" class=\"yoast-schema-graph\">{\"@context\":\"https:\\\/\\\/schema.org\",\"@graph\":[{\"@type\":\"NewsArticle\",\"@id\":\"https:\\\/\\\/www.dimecuba.com\\\/revista\\\/cubanos\\\/cumpleanos-william-levy\\\/#article\",\"isPartOf\":{\"@id\":\"https:\\\/\\\/www.dimecuba.com\\\/revista\\\/cubanos\\\/cumpleanos-william-levy\\\/\"},\"author\":{\"name\":\"Redacci\u00f3n\",\"@id\":\"https:\\\/\\\/www.dimecuba.com\\\/revista\\\/#\\\/schema\\\/person\\\/a95cec0041795e625b7a764faccf8c52\"},\"headline\":\"Cumplea\u00f1os de William Levy: llega a los 46 a\u00f1os y sus confesiones\",\"datePublished\":\"2026-08-30T16:58:39+00:00\",\"dateModified\":\"2026-08-30T17:00:37+00:00\",\"mainEntityOfPage\":{\"@id\":\"https:\\\/\\\/www.dimecuba.com\\\/revista\\\/cubanos\\\/cumpleanos-william-levy\\\/\"},\"wordCount\":1656,\"commentCount\":0,\"publisher\":{\"@id\":\"https:\\\/\\\/www.dimecuba.com\\\/revista\\\/#organization\"},\"image\":{\"@id\":\"https:\\\/\\\/www.dimecuba.com\\\/revista\\\/cubanos\\\/cumpleanos-william-levy\\\/#primaryimage\"},\"thumbnailUrl\":\"https:\\\/\\\/www.dimecuba.com\\\/revista\\\/wp-content\\\/uploads\\\/2026\\\/08\\\/cumpleanos-william-levi.webp\",\"articleSection\":[\"CUBANOS\"],\"inLanguage\":\"es\",\"potentialAction\":[{\"@type\":\"CommentAction\",\"name\":\"Comment\",\"target\":[\"https:\\\/\\\/www.dimecuba.com\\\/revista\\\/cubanos\\\/cumpleanos-william-levy\\\/#respond\"]}]},{\"@type\":\"WebPage\",\"@id\":\"https:\\\/\\\/www.dimecuba.com\\\/revista\\\/cubanos\\\/cumpleanos-william-levy\\\/\",\"url\":\"https:\\\/\\\/www.dimecuba.com\\\/revista\\\/cubanos\\\/cumpleanos-william-levy\\\/\",\"name\":\"Cumplea\u00f1os de William Levy: llega a los 46 a\u00f1os y sus confesiones\",\"isPartOf\":{\"@id\":\"https:\\\/\\\/www.dimecuba.com\\\/revista\\\/#website\"},\"primaryImageOfPage\":{\"@id\":\"https:\\\/\\\/www.dimecuba.com\\\/revista\\\/cubanos\\\/cumpleanos-william-levy\\\/#primaryimage\"},\"image\":{\"@id\":\"https:\\\/\\\/www.dimecuba.com\\\/revista\\\/cubanos\\\/cumpleanos-william-levy\\\/#primaryimage\"},\"thumbnailUrl\":\"https:\\\/\\\/www.dimecuba.com\\\/revista\\\/wp-content\\\/uploads\\\/2026\\\/08\\\/cumpleanos-william-levi.webp\",\"datePublished\":\"2026-08-30T16:58:39+00:00\",\"dateModified\":\"2026-08-30T17:00:37+00:00\",\"description\":\"Cumplea\u00f1os de William Levi: el actor cubano celebra 46 a\u00f1os entre felicitaciones, nuevos proyectos y declaraciones recientes.\",\"breadcrumb\":{\"@id\":\"https:\\\/\\\/www.dimecuba.com\\\/revista\\\/cubanos\\\/cumpleanos-william-levy\\\/#breadcrumb\"},\"inLanguage\":\"es\",\"potentialAction\":[{\"@type\":\"ReadAction\",\"target\":[\"https:\\\/\\\/www.dimecuba.com\\\/revista\\\/cubanos\\\/cumpleanos-william-levy\\\/\"]}]},{\"@type\":\"ImageObject\",\"inLanguage\":\"es\",\"@id\":\"https:\\\/\\\/www.dimecuba.com\\\/revista\\\/cubanos\\\/cumpleanos-william-levy\\\/#primaryimage\",\"url\":\"https:\\\/\\\/www.dimecuba.com\\\/revista\\\/wp-content\\\/uploads\\\/2026\\\/08\\\/cumpleanos-william-levi.webp\",\"contentUrl\":\"https:\\\/\\\/www.dimecuba.com\\\/revista\\\/wp-content\\\/uploads\\\/2026\\\/08\\\/cumpleanos-william-levi.webp\",\"width\":1280,\"height\":670,\"caption\":\"William Levy celebr\u00f3 sus 46 a\u00f1os el 29 de agosto de 2026, en medio de nuevos proyectos profesionales y una etapa muy centrada en su familia.\"},{\"@type\":\"BreadcrumbList\",\"@id\":\"https:\\\/\\\/www.dimecuba.com\\\/revista\\\/cubanos\\\/cumpleanos-william-levy\\\/#breadcrumb\",\"itemListElement\":[{\"@type\":\"ListItem\",\"position\":1,\"name\":\"Noticias de Cuba\",\"item\":\"https:\\\/\\\/www.dimecuba.com\\\/revista\\\/\"},{\"@type\":\"ListItem\",\"position\":2,\"name\":\"CUBANOS\",\"item\":\"https:\\\/\\\/www.dimecuba.com\\\/revista\\\/cubanos\\\/\"},{\"@type\":\"ListItem\",\"position\":3,\"name\":\"Cumplea\u00f1os de William Levy: llega a los 46 a\u00f1os y sus confesiones\"}]},{\"@type\":\"WebSite\",\"@id\":\"https:\\\/\\\/www.dimecuba.com\\\/revista\\\/#website\",\"url\":\"https:\\\/\\\/www.dimecuba.com\\\/revista\\\/\",\"name\":\"Revista DimeCuba\",\"description\":\"\u00daltimas noticias y sucesos de Cuba\",\"publisher\":{\"@id\":\"https:\\\/\\\/www.dimecuba.com\\\/revista\\\/#organization\"},\"potentialAction\":[{\"@type\":\"SearchAction\",\"target\":{\"@type\":\"EntryPoint\",\"urlTemplate\":\"https:\\\/\\\/www.dimecuba.com\\\/revista\\\/?s={search_term_string}\"},\"query-input\":{\"@type\":\"PropertyValueSpecification\",\"valueRequired\":true,\"valueName\":\"search_term_string\"}}],\"inLanguage\":\"es\"},{\"@type\":\"Organization\",\"@id\":\"https:\\\/\\\/www.dimecuba.com\\\/revista\\\/#organization\",\"name\":\"DimeCuba\",\"url\":\"https:\\\/\\\/www.dimecuba.com\\\/revista\\\/\",\"logo\":{\"@type\":\"ImageObject\",\"inLanguage\":\"es\",\"@id\":\"https:\\\/\\\/www.dimecuba.com\\\/revista\\\/#\\\/schema\\\/logo\\\/image\\\/\",\"url\":\"https:\\\/\\\/www.dimecuba.com\\\/revista\\\/wp-content\\\/uploads\\\/2018\\\/10\\\/Revista-DimeCuba-logo-sml-3.png\",\"contentUrl\":\"https:\\\/\\\/www.dimecuba.com\\\/revista\\\/wp-content\\\/uploads\\\/2018\\\/10\\\/Revista-DimeCuba-logo-sml-3.png\",\"width\":201,\"height\":57,\"caption\":\"DimeCuba\"},\"image\":{\"@id\":\"https:\\\/\\\/www.dimecuba.com\\\/revista\\\/#\\\/schema\\\/logo\\\/image\\\/\"},\"sameAs\":[\"https:\\\/\\\/facebook.com\\\/DimeCuba\\\/\",\"https:\\\/\\\/x.com\\\/dimecuba\",\"https:\\\/\\\/www.instagram.com\\\/dimecuba\\\/\",\"https:\\\/\\\/www.linkedin.com\\\/company\\\/dimecuba\",\"https:\\\/\\\/www.youtube.com\\\/dimecubaweb\"]},{\"@type\":\"Person\",\"@id\":\"https:\\\/\\\/www.dimecuba.com\\\/revista\\\/#\\\/schema\\\/person\\\/a95cec0041795e625b7a764faccf8c52\",\"name\":\"Redacci\u00f3n\",\"image\":{\"@type\":\"ImageObject\",\"inLanguage\":\"es\",\"@id\":\"https:\\\/\\\/secure.gravatar.com\\\/avatar\\\/129d2b0487c25b1eec40b85bd0426a1b949ad13e3ea21697124b5c81cf8053db?s=96&d=mm&r=g\",\"url\":\"https:\\\/\\\/secure.gravatar.com\\\/avatar\\\/129d2b0487c25b1eec40b85bd0426a1b949ad13e3ea21697124b5c81cf8053db?s=96&d=mm&r=g\",\"contentUrl\":\"https:\\\/\\\/secure.gravatar.com\\\/avatar\\\/129d2b0487c25b1eec40b85bd0426a1b949ad13e3ea21697124b5c81cf8053db?s=96&d=mm&r=g\",\"caption\":\"Redacci\u00f3n\"},\"url\":\"https:\\\/\\\/www.dimecuba.com\\\/revista\\\/author\\\/redacciondc\\\/\"}]}<\/script>\n<!-- \/ Yoast SEO Premium plugin. -->","yoast_head_json":{"title":"Cumplea\u00f1os de William Levy: llega a los 46 a\u00f1os y sus confesiones","description":"Cumplea\u00f1os de William Levi: el actor cubano celebra 46 a\u00f1os entre felicitaciones, nuevos proyectos y declaraciones recientes.","robots":{"index":"index","follow":"follow","max-snippet":"max-snippet:-1","max-image-preview":"max-image-preview:large","max-video-preview":"max-video-preview:-1"},"canonical":"https:\/\/www.dimecuba.com\/revista\/cubanos\/cumpleanos-william-levy\/","og_locale":"es_ES","og_type":"article","og_title":"Cumplea\u00f1os de William Levy: llega a los 46 a\u00f1os y sus confesiones","og_description":"Cumplea\u00f1os de William Levi: el actor cubano celebra 46 a\u00f1os entre felicitaciones, nuevos proyectos y declaraciones recientes.","og_url":"https:\/\/www.dimecuba.com\/revista\/cubanos\/cumpleanos-william-levy\/","og_site_name":"Revista DimeCuba","article_publisher":"https:\/\/facebook.com\/DimeCuba\/","article_published_time":"2026-08-30T16:58:39+00:00","article_modified_time":"2026-08-30T17:00:37+00:00","og_image":[{"width":1280,"height":670,"url":"https:\/\/www.dimecuba.com\/revista\/wp-content\/uploads\/2026\/08\/cumpleanos-william-levi.webp","type":"image\/webp"}],"author":"Redacci\u00f3n","twitter_card":"summary_large_image","twitter_creator":"@dimecuba","twitter_site":"@dimecuba","twitter_misc":{"Escrito por":"Redacci\u00f3n","Tiempo de lectura":"8 minutos"},"schema":{"@context":"https:\/\/schema.org","@graph":[{"@type":"NewsArticle","@id":"https:\/\/www.dimecuba.com\/revista\/cubanos\/cumpleanos-william-levy\/#article","isPartOf":{"@id":"https:\/\/www.dimecuba.com\/revista\/cubanos\/cumpleanos-william-levy\/"},"author":{"name":"Redacci\u00f3n","@id":"https:\/\/www.dimecuba.com\/revista\/#\/schema\/person\/a95cec0041795e625b7a764faccf8c52"},"headline":"Cumplea\u00f1os de William Levy: llega a los 46 a\u00f1os y sus confesiones","datePublished":"2026-08-30T16:58:39+00:00","dateModified":"2026-08-30T17:00:37+00:00","mainEntityOfPage":{"@id":"https:\/\/www.dimecuba.com\/revista\/cubanos\/cumpleanos-william-levy\/"},"wordCount":1656,"commentCount":0,"publisher":{"@id":"https:\/\/www.dimecuba.com\/revista\/#organization"},"image":{"@id":"https:\/\/www.dimecuba.com\/revista\/cubanos\/cumpleanos-william-levy\/#primaryimage"},"thumbnailUrl":"https:\/\/www.dimecuba.com\/revista\/wp-content\/uploads\/2026\/08\/cumpleanos-william-levi.webp","articleSection":["CUBANOS"],"inLanguage":"es","potentialAction":[{"@type":"CommentAction","name":"Comment","target":["https:\/\/www.dimecuba.com\/revista\/cubanos\/cumpleanos-william-levy\/#respond"]}]},{"@type":"WebPage","@id":"https:\/\/www.dimecuba.com\/revista\/cubanos\/cumpleanos-william-levy\/","url":"https:\/\/www.dimecuba.com\/revista\/cubanos\/cumpleanos-william-levy\/","name":"Cumplea\u00f1os de William Levy: llega a los 46 a\u00f1os y sus confesiones","isPartOf":{"@id":"https:\/\/www.dimecuba.com\/revista\/#website"},"primaryImageOfPage":{"@id":"https:\/\/www.dimecuba.com\/revista\/cubanos\/cumpleanos-william-levy\/#primaryimage"},"image":{"@id":"https:\/\/www.dimecuba.com\/revista\/cubanos\/cumpleanos-william-levy\/#primaryimage"},"thumbnailUrl":"https:\/\/www.dimecuba.com\/revista\/wp-content\/uploads\/2026\/08\/cumpleanos-william-levi.webp","datePublished":"2026-08-30T16:58:39+00:00","dateModified":"2026-08-30T17:00:37+00:00","description":"Cumplea\u00f1os de William Levi: el actor cubano celebra 46 a\u00f1os entre felicitaciones, nuevos proyectos y declaraciones recientes.","breadcrumb":{"@id":"https:\/\/www.dimecuba.com\/revista\/cubanos\/cumpleanos-william-levy\/#breadcrumb"},"inLanguage":"es","potentialAction":[{"@type":"ReadAction","target":["https:\/\/www.dimecuba.com\/revista\/cubanos\/cumpleanos-william-levy\/"]}]},{"@type":"ImageObject","inLanguage":"es","@id":"https:\/\/www.dimecuba.com\/revista\/cubanos\/cumpleanos-william-levy\/#primaryimage","url":"https:\/\/www.dimecuba.com\/revista\/wp-content\/uploads\/2026\/08\/cumpleanos-william-levi.webp","contentUrl":"https:\/\/www.dimecuba.com\/revista\/wp-content\/uploads\/2026\/08\/cumpleanos-william-levi.webp","width":1280,"height":670,"caption":"William Levy celebr\u00f3 sus 46 a\u00f1os el 29 de agosto de 2026, en medio de nuevos proyectos profesionales y una etapa muy centrada en su familia."},{"@type":"BreadcrumbList","@id":"https:\/\/www.dimecuba.com\/revista\/cubanos\/cumpleanos-william-levy\/#breadcrumb","itemListElement":[{"@type":"ListItem","position":1,"name":"Noticias de Cuba","item":"https:\/\/www.dimecuba.com\/revista\/"},{"@type":"ListItem","position":2,"name":"CUBANOS","item":"https:\/\/www.dimecuba.com\/revista\/cubanos\/"},{"@type":"ListItem","position":3,"name":"Cumplea\u00f1os de William Levy: llega a los 46 a\u00f1os y sus confesiones"}]},{"@type":"WebSite","@id":"https:\/\/www.dimecuba.com\/revista\/#website","url":"https:\/\/www.dimecuba.com\/revista\/","name":"Revista DimeCuba","description":"\u00daltimas noticias y sucesos de Cuba","publisher":{"@id":"https:\/\/www.dimecuba.com\/revista\/#organization"},"potentialAction":[{"@type":"SearchAction","target":{"@type":"EntryPoint","urlTemplate":"https:\/\/www.dimecuba.com\/revista\/?s={search_term_string}"},"query-input":{"@type":"PropertyValueSpecification","valueRequired":true,"valueName":"search_term_string"}}],"inLanguage":"es"},{"@type":"Organization","@id":"https:\/\/www.dimecuba.com\/revista\/#organization","name":"DimeCuba","url":"https:\/\/www.dimecuba.com\/revista\/","logo":{"@type":"ImageObject","inLanguage":"es","@id":"https:\/\/www.dimecuba.com\/revista\/#\/schema\/logo\/image\/","url":"https:\/\/www.dimecuba.com\/revista\/wp-content\/uploads\/2018\/10\/Revista-DimeCuba-logo-sml-3.png","contentUrl":"https:\/\/www.dimecuba.com\/revista\/wp-content\/uploads\/2018\/10\/Revista-DimeCuba-logo-sml-3.png","width":201,"height":57,"caption":"DimeCuba"},"image":{"@id":"https:\/\/www.dimecuba.com\/revista\/#\/schema\/logo\/image\/"},"sameAs":["https:\/\/facebook.com\/DimeCuba\/","https:\/\/x.com\/dimecuba","https:\/\/www.instagram.com\/dimecuba\/","https:\/\/www.linkedin.com\/company\/dimecuba","https:\/\/www.youtube.com\/dimecubaweb"]},{"@type":"Person","@id":"https:\/\/www.dimecuba.com\/revista\/#\/schema\/person\/a95cec0041795e625b7a764faccf8c52","name":"Redacci\u00f3n","image":{"@type":"ImageObject","inLanguage":"es","@id":"https:\/\/secure.gravatar.com\/avatar\/129d2b0487c25b1eec40b85bd0426a1b949ad13e3ea21697124b5c81cf8053db?s=96&d=mm&r=g","url":"https:\/\/secure.gravatar.com\/avatar\/129d2b0487c25b1eec40b85bd0426a1b949ad13e3ea21697124b5c81cf8053db?s=96&d=mm&r=g","contentUrl":"https:\/\/secure.gravatar.com\/avatar\/129d2b0487c25b1eec40b85bd0426a1b949ad13e3ea21697124b5c81cf8053db?s=96&d=mm&r=g","caption":"Redacci\u00f3n"},"url":"https:\/\/www.dimecuba.com\/revista\/author\/redacciondc\/"}]}},"_links":{"self":[{"href":"https:\/\/www.dimecuba.com\/revista\/wp-json\/wp\/v2\/posts\/96618","targetHints":{"allow":["GET"]}}],"collection":[{"href":"https:\/\/www.dimecuba.com\/revista\/wp-json\/wp\/v2\/posts"}],"about":[{"href":"https:\/\/www.dimecuba.com\/revista\/wp-json\/wp\/v2\/types\/post"}],"author":[{"embeddable":true,"href":"https:\/\/www.dimecuba.com\/revista\/wp-json\/wp\/v2\/users\/13"}],"replies":[{"embeddable":true,"href":"https:\/\/www.dimecuba.com\/revista\/wp-json\/wp\/v2\/comments?post=96618"}],"version-history":[{"count":0,"href":"https:\/\/www.dimecuba.com\/revista\/wp-json\/wp\/v2\/posts\/96618\/revisions"}],"wp:featuredmedia":[{"embeddable":true,"href":"https:\/\/www.dimecuba.com\/revista\/wp-json\/wp\/v2\/media\/96620"}],"wp:attachment":[{"href":"https:\/\/www.dimecuba.com\/revista\/wp-json\/wp\/v2\/media?parent=96618"}],"wp:term":[{"taxonomy":"category","embeddable":true,"href":"https:\/\/www.dimecuba.com\/revista\/wp-json\/wp\/v2\/categories?post=96618"},{"taxonomy":"post_tag","embeddable":true,"href":"https:\/\/www.dimecuba.com\/revista\/wp-json\/wp\/v2\/tags?post=96618"}],"curies":[{"name":"wp","href":"https:\/\/api.w.org\/{rel}","templated":true}]}}