{"id":96632,"date":"2026-09-01T14:51:05","date_gmt":"2026-09-01T14:51:05","guid":{"rendered":"https:\/\/www.dimecuba.com\/revista\/?p=96632"},"modified":"2026-09-01T14:51:05","modified_gmt":"2026-09-01T14:51:05","slug":"nina-cubana-deja-mensaje-en-una-botella-y-aparecio-28-anos-despues-en-espana","status":"publish","type":"post","link":"https:\/\/www.dimecuba.com\/revista\/cubanos\/nina-cubana-deja-mensaje-en-una-botella-y-aparecio-28-anos-despues-en-espana\/","title":{"rendered":"Ni\u00f1a cubana deja mensaje en una botella y apareci\u00f3 28 a\u00f1os despu\u00e9s en Espa\u00f1a"},"content":{"rendered":"<p>Una ni\u00f1a de diez a\u00f1os llamada Sara escribi\u00f3 unas l\u00edneas en un papel, las meti\u00f3 en una botella de cristal y las confi\u00f3 al oc\u00e9ano el 6 de junio de 1998. No sab\u00eda que, casi tres d\u00e9cadas despu\u00e9s, aparecer\u00eda en una playa de Vigo, Espa\u00f1a.<\/p>\n<h3>El verano de 2026 en la playa de Samil<\/h3>\n<p>El 7 de agosto de 2026, la playa de Samil en Vigo acog\u00eda el festival <strong><a href=\"https:\/\/www.xn--omarisquio-19a.com\/\"><em>O Marisqui\u00f1o,<\/em><\/a><\/strong> un evento de cultura urbana con d\u00e9cadas de historia en Galicia. Entre el p\u00fablico hab\u00eda dos hermanas, Lena y Xulia Soto, que hab\u00edan pasado el d\u00eda patinando y decidieron terminar la jornada ba\u00f1\u00e1ndose en el mar junto a su madre Leticia Gonz\u00e1lez y varias amigas.<\/p>\n<p>Fue Xulia quien vio algo en el agua. A primera vista parec\u00eda basura flotando. Se acerc\u00f3. Era una botella de cristal. La sac\u00f3 del agua. Pesaba m\u00e1s de lo esperado.<\/p>\n<p>Dentro hab\u00eda papeles y una historia incre\u00edble.<\/p>\n<p><iframe loading=\"lazy\" style=\"border: none; overflow: hidden;\" src=\"https:\/\/www.facebook.com\/plugins\/post.php?href=https%3A%2F%2Fwww.facebook.com%2Ffarodevigo%2Fposts%2Fpfbid02vm7zQesHyBT7kp2Lu5rTHmPvZiZNgemfzWwhJxN9AWGK17YT66ZGKvyqgmsG4MQgl&amp;show_text=true&amp;width=500\" width=\"500\" height=\"673\" frameborder=\"0\" scrolling=\"no\" allowfullscreen=\"allowfullscreen\"><\/iframe><\/p>\n<h3>Una cadena de voces a trav\u00e9s del Atl\u00e1ntico<\/h3>\n<p>El mensaje m\u00e1s antiguo llevaba fecha del 6 de junio de 1998. Lo firmaba Sara, quien entonces ten\u00eda diez a\u00f1os y escrib\u00eda desde Cuba. En pocas palabras le ped\u00eda a quien encontrara la botella que la devolviera al mar. Que la dejara seguir navegando hasta que un d\u00eda regresara a su due\u00f1a original.<\/p>\n<p>Alguien lo hizo. Y luego otra persona. Cada vez que la botella lleg\u00f3 a una orilla, quien la encontr\u00f3 a\u00f1adi\u00f3 su propio testimonio antes de relanzarla. Una se identific\u00f3 como Milucha y dej\u00f3 escrito que el mar la hab\u00eda devuelto a la playa. Otras dos, Luc\u00eda y Nayara, de ocho a\u00f1os, escribieron que ojal\u00e1 la botella llegara alg\u00fan d\u00eda de vuelta a Cuba.<\/p>\n<p>Las hermanas Soto completaron la cadena con su propio mensaje: que eran unas <em>skaters<\/em> gallegas de entre 11 y 13 a\u00f1os, que hab\u00edan estado en <em>O Marisqui\u00f1o<\/em> el 7 de agosto de 2026 y que esperaban que la botella continuara su viaje de regreso a Cuba.<\/p>\n<h3>El oc\u00e9ano que no quiso soltarla<\/h3>\n<p>Ese mismo d\u00eda intentaron devolverla al mar desde Samil. El oc\u00e9ano no colabor\u00f3. Las corrientes empujaban la botella de vuelta a la orilla, como si todav\u00eda no fuera el momento de seguir.<\/p>\n<p>Las hermanas optaron por guardarla y planean llevarla hasta la Isla de Ons o las Islas C\u00edes, desde donde las corrientes atl\u00e1nticas tienen m\u00e1s fuerza y podr\u00edan alejarse definitivamente de la costa.<\/p>\n<p>Nadie sabe ad\u00f3nde ir\u00e1 despu\u00e9s. Podr\u00eda volver a Cuba. Podr\u00eda aparecer en otro punto del Atl\u00e1ntico que nadie prev\u00e9. Esa incertidumbre es, precisamente, parte de lo que hace que la historia no cierre.<\/p>\n<h2>Galicia y Cuba: un v\u00ednculo que tiene nombre y apellidos<\/h2>\n<p>Que la botella haya llegado a Galicia no es solo una cuesti\u00f3n de corrientes marinas. Entre 1899 y 1960, alrededor de 378 mil gallegos cruzaron el Atl\u00e1ntico en direcci\u00f3n contraria para instalarse en Cuba. Esa emigraci\u00f3n masiva dej\u00f3 apellidos, arquitectura, centros gallegos y familias enteras repartidas entre las dos orillas.<\/p>\n<p>Ese legado sigue vivo. <strong><a href=\"https:\/\/www.dimecuba.com\/revista\/nacionalidad-espanola\/trabajar-en-espana\/descendientes-gallegos-trabajar\/\">Cuba ocupa el tercer lugar en el mundo entre los pa\u00edses con mayor colectividad gallega en el exterior, con m\u00e1s de 51 mil personas registradas a comienzos de 2026,<\/a><\/strong> solo por detr\u00e1s de Argentina y Brasil. La botella de Sara cruz\u00f3 el oc\u00e9ano hacia uno de los lugares que tiene una relaci\u00f3n m\u00e1s larga y m\u00e1s densa con Cuba de cuantos existen en Europa.<\/p>\n<h3>Una ni\u00f1a que hoy ronda los 38 a\u00f1os<\/h3>\n<p>Sara ten\u00eda diez a\u00f1os en 1998. Hoy, su edad debe rondar los 38. No hay forma de saber si todav\u00eda vive en Cuba, si emigr\u00f3 como han hecho millones de cubanos en estas tres d\u00e9cadas, o si alguna vez sabr\u00e1 que su mensaje sobrevivi\u00f3 el Atl\u00e1ntico y que varias personas, en distintos momentos y en distintas orillas, decidieron mantenerlo vivo.<\/p>\n<p>Lo que s\u00ed existe es el papel. La tinta que resisti\u00f3 casi treinta a\u00f1os de oc\u00e9ano. Y una cadena de personas que, al encontrar la botella, eligieron no romperla.<\/p>\n","protected":false},"excerpt":{"rendered":"<p>Una ni\u00f1a de diez a\u00f1os llamada Sara escribi\u00f3 unas l\u00edneas en un papel, las meti\u00f3 en una botella de cristal<\/p>\n","protected":false},"author":33,"featured_media":96633,"comment_status":"open","ping_status":"closed","sticky":false,"template":"","format":"standard","meta":{"colormag_page_container_layout":"default_layout","colormag_page_sidebar_layout":"default_layout","wprm-recipe-roundup-name":"","wprm-recipe-roundup-description":"","footnotes":""},"categories":[4032],"tags":[18577,18601],"class_list":["post-96632","post","type-post","status-publish","format-standard","has-post-thumbnail","hentry","category-cubanos","tag-cubanos-en-espana","tag-vivir-en-cuba"],"yoast_head":"<!-- This site is optimized with the Yoast SEO Premium plugin v24.8 (Yoast SEO v28.4) - https:\/\/yoast.com\/product\/yoast-seo-premium-wordpress\/ -->\n<title>Ni\u00f1a cubana deja mensaje en una botella y apareci\u00f3 28 a\u00f1os despu\u00e9s en Espa\u00f1a<\/title>\n<meta name=\"description\" content=\"Dos hermanas gallegas encontraron recientemente en una playa de Vigo, Espa\u00f1a, una botella lanzada en 1998 por una ni\u00f1a cubana\" \/>\n<meta name=\"robots\" content=\"index, follow, max-snippet:-1, max-image-preview:large, max-video-preview:-1\" \/>\n<link rel=\"canonical\" href=\"https:\/\/www.dimecuba.com\/revista\/cubanos\/nina-cubana-deja-mensaje-en-una-botella-y-aparecio-28-anos-despues-en-espana\/\" \/>\n<meta property=\"og:locale\" content=\"es_ES\" \/>\n<meta property=\"og:type\" content=\"article\" \/>\n<meta property=\"og:title\" content=\"Ni\u00f1a cubana deja mensaje en una botella y apareci\u00f3 28 a\u00f1os despu\u00e9s en Espa\u00f1a\" \/>\n<meta property=\"og:description\" content=\"Dos hermanas gallegas encontraron recientemente en una playa de Vigo, Espa\u00f1a, una botella lanzada en 1998 por una ni\u00f1a cubana\" \/>\n<meta property=\"og:url\" content=\"https:\/\/www.dimecuba.com\/revista\/cubanos\/nina-cubana-deja-mensaje-en-una-botella-y-aparecio-28-anos-despues-en-espana\/\" \/>\n<meta property=\"og:site_name\" content=\"Revista DimeCuba\" \/>\n<meta property=\"article:publisher\" content=\"https:\/\/facebook.com\/DimeCuba\/\" \/>\n<meta property=\"article:published_time\" content=\"2026-09-01T14:51:05+00:00\" \/>\n<meta property=\"og:image\" content=\"https:\/\/www.dimecuba.com\/revista\/wp-content\/uploads\/2026\/09\/nina-cubana-lanza-mensaje-en-una-botella-imagen-de-referencia-Gemini.webp\" \/>\n\t<meta property=\"og:image:width\" content=\"2346\" \/>\n\t<meta property=\"og:image:height\" content=\"1272\" \/>\n\t<meta property=\"og:image:type\" content=\"image\/webp\" \/>\n<meta name=\"author\" content=\"anabarbara\" \/>\n<meta name=\"twitter:card\" content=\"summary_large_image\" \/>\n<meta name=\"twitter:creator\" content=\"@dimecuba\" \/>\n<meta name=\"twitter:site\" content=\"@dimecuba\" \/>\n<meta name=\"twitter:label1\" content=\"Escrito por\" \/>\n\t<meta name=\"twitter:data1\" content=\"anabarbara\" \/>\n\t<meta name=\"twitter:label2\" content=\"Tiempo de lectura\" \/>\n\t<meta name=\"twitter:data2\" content=\"4 minutos\" \/>\n<script type=\"application\/ld+json\" class=\"yoast-schema-graph\">{\"@context\":\"https:\\\/\\\/schema.org\",\"@graph\":[{\"@type\":\"NewsArticle\",\"@id\":\"https:\\\/\\\/www.dimecuba.com\\\/revista\\\/cubanos\\\/nina-cubana-deja-mensaje-en-una-botella-y-aparecio-28-anos-despues-en-espana\\\/#article\",\"isPartOf\":{\"@id\":\"https:\\\/\\\/www.dimecuba.com\\\/revista\\\/cubanos\\\/nina-cubana-deja-mensaje-en-una-botella-y-aparecio-28-anos-despues-en-espana\\\/\"},\"author\":{\"name\":\"anabarbara\",\"@id\":\"https:\\\/\\\/www.dimecuba.com\\\/revista\\\/#\\\/schema\\\/person\\\/c9170ad69b8f1747349109bcefe6ea61\"},\"headline\":\"Ni\u00f1a cubana deja mensaje en una botella y apareci\u00f3 28 a\u00f1os despu\u00e9s en Espa\u00f1a\",\"datePublished\":\"2026-09-01T14:51:05+00:00\",\"mainEntityOfPage\":{\"@id\":\"https:\\\/\\\/www.dimecuba.com\\\/revista\\\/cubanos\\\/nina-cubana-deja-mensaje-en-una-botella-y-aparecio-28-anos-despues-en-espana\\\/\"},\"wordCount\":723,\"commentCount\":0,\"publisher\":{\"@id\":\"https:\\\/\\\/www.dimecuba.com\\\/revista\\\/#organization\"},\"image\":{\"@id\":\"https:\\\/\\\/www.dimecuba.com\\\/revista\\\/cubanos\\\/nina-cubana-deja-mensaje-en-una-botella-y-aparecio-28-anos-despues-en-espana\\\/#primaryimage\"},\"thumbnailUrl\":\"https:\\\/\\\/www.dimecuba.com\\\/revista\\\/wp-content\\\/uploads\\\/2026\\\/09\\\/nina-cubana-lanza-mensaje-en-una-botella-imagen-de-referencia-Gemini.webp\",\"keywords\":[\"Cubanos en Espa\u00f1a\",\"vivir en cuba\"],\"articleSection\":[\"CUBANOS\"],\"inLanguage\":\"es\",\"potentialAction\":[{\"@type\":\"CommentAction\",\"name\":\"Comment\",\"target\":[\"https:\\\/\\\/www.dimecuba.com\\\/revista\\\/cubanos\\\/nina-cubana-deja-mensaje-en-una-botella-y-aparecio-28-anos-despues-en-espana\\\/#respond\"]}]},{\"@type\":\"WebPage\",\"@id\":\"https:\\\/\\\/www.dimecuba.com\\\/revista\\\/cubanos\\\/nina-cubana-deja-mensaje-en-una-botella-y-aparecio-28-anos-despues-en-espana\\\/\",\"url\":\"https:\\\/\\\/www.dimecuba.com\\\/revista\\\/cubanos\\\/nina-cubana-deja-mensaje-en-una-botella-y-aparecio-28-anos-despues-en-espana\\\/\",\"name\":\"Ni\u00f1a cubana deja mensaje en una botella y apareci\u00f3 28 a\u00f1os despu\u00e9s en Espa\u00f1a\",\"isPartOf\":{\"@id\":\"https:\\\/\\\/www.dimecuba.com\\\/revista\\\/#website\"},\"primaryImageOfPage\":{\"@id\":\"https:\\\/\\\/www.dimecuba.com\\\/revista\\\/cubanos\\\/nina-cubana-deja-mensaje-en-una-botella-y-aparecio-28-anos-despues-en-espana\\\/#primaryimage\"},\"image\":{\"@id\":\"https:\\\/\\\/www.dimecuba.com\\\/revista\\\/cubanos\\\/nina-cubana-deja-mensaje-en-una-botella-y-aparecio-28-anos-despues-en-espana\\\/#primaryimage\"},\"thumbnailUrl\":\"https:\\\/\\\/www.dimecuba.com\\\/revista\\\/wp-content\\\/uploads\\\/2026\\\/09\\\/nina-cubana-lanza-mensaje-en-una-botella-imagen-de-referencia-Gemini.webp\",\"datePublished\":\"2026-09-01T14:51:05+00:00\",\"description\":\"Dos hermanas gallegas encontraron recientemente en una playa de Vigo, Espa\u00f1a, una botella lanzada en 1998 por una ni\u00f1a cubana\",\"breadcrumb\":{\"@id\":\"https:\\\/\\\/www.dimecuba.com\\\/revista\\\/cubanos\\\/nina-cubana-deja-mensaje-en-una-botella-y-aparecio-28-anos-despues-en-espana\\\/#breadcrumb\"},\"inLanguage\":\"es\",\"potentialAction\":[{\"@type\":\"ReadAction\",\"target\":[\"https:\\\/\\\/www.dimecuba.com\\\/revista\\\/cubanos\\\/nina-cubana-deja-mensaje-en-una-botella-y-aparecio-28-anos-despues-en-espana\\\/\"]}]},{\"@type\":\"ImageObject\",\"inLanguage\":\"es\",\"@id\":\"https:\\\/\\\/www.dimecuba.com\\\/revista\\\/cubanos\\\/nina-cubana-deja-mensaje-en-una-botella-y-aparecio-28-anos-despues-en-espana\\\/#primaryimage\",\"url\":\"https:\\\/\\\/www.dimecuba.com\\\/revista\\\/wp-content\\\/uploads\\\/2026\\\/09\\\/nina-cubana-lanza-mensaje-en-una-botella-imagen-de-referencia-Gemini.webp\",\"contentUrl\":\"https:\\\/\\\/www.dimecuba.com\\\/revista\\\/wp-content\\\/uploads\\\/2026\\\/09\\\/nina-cubana-lanza-mensaje-en-una-botella-imagen-de-referencia-Gemini.webp\",\"width\":2346,\"height\":1272,\"caption\":\"ni\u00f1a cubana lanza mensaje en una botella-imagen de referencia-Gemini\"},{\"@type\":\"BreadcrumbList\",\"@id\":\"https:\\\/\\\/www.dimecuba.com\\\/revista\\\/cubanos\\\/nina-cubana-deja-mensaje-en-una-botella-y-aparecio-28-anos-despues-en-espana\\\/#breadcrumb\",\"itemListElement\":[{\"@type\":\"ListItem\",\"position\":1,\"name\":\"Noticias de Cuba\",\"item\":\"https:\\\/\\\/www.dimecuba.com\\\/revista\\\/\"},{\"@type\":\"ListItem\",\"position\":2,\"name\":\"CUBANOS\",\"item\":\"https:\\\/\\\/www.dimecuba.com\\\/revista\\\/cubanos\\\/\"},{\"@type\":\"ListItem\",\"position\":3,\"name\":\"Ni\u00f1a cubana deja mensaje en una botella y apareci\u00f3 28 a\u00f1os despu\u00e9s en Espa\u00f1a\"}]},{\"@type\":\"WebSite\",\"@id\":\"https:\\\/\\\/www.dimecuba.com\\\/revista\\\/#website\",\"url\":\"https:\\\/\\\/www.dimecuba.com\\\/revista\\\/\",\"name\":\"Revista DimeCuba\",\"description\":\"\u00daltimas noticias y sucesos de Cuba\",\"publisher\":{\"@id\":\"https:\\\/\\\/www.dimecuba.com\\\/revista\\\/#organization\"},\"potentialAction\":[{\"@type\":\"SearchAction\",\"target\":{\"@type\":\"EntryPoint\",\"urlTemplate\":\"https:\\\/\\\/www.dimecuba.com\\\/revista\\\/?s={search_term_string}\"},\"query-input\":{\"@type\":\"PropertyValueSpecification\",\"valueRequired\":true,\"valueName\":\"search_term_string\"}}],\"inLanguage\":\"es\"},{\"@type\":\"Organization\",\"@id\":\"https:\\\/\\\/www.dimecuba.com\\\/revista\\\/#organization\",\"name\":\"DimeCuba\",\"url\":\"https:\\\/\\\/www.dimecuba.com\\\/revista\\\/\",\"logo\":{\"@type\":\"ImageObject\",\"inLanguage\":\"es\",\"@id\":\"https:\\\/\\\/www.dimecuba.com\\\/revista\\\/#\\\/schema\\\/logo\\\/image\\\/\",\"url\":\"https:\\\/\\\/www.dimecuba.com\\\/revista\\\/wp-content\\\/uploads\\\/2018\\\/10\\\/Revista-DimeCuba-logo-sml-3.png\",\"contentUrl\":\"https:\\\/\\\/www.dimecuba.com\\\/revista\\\/wp-content\\\/uploads\\\/2018\\\/10\\\/Revista-DimeCuba-logo-sml-3.png\",\"width\":201,\"height\":57,\"caption\":\"DimeCuba\"},\"image\":{\"@id\":\"https:\\\/\\\/www.dimecuba.com\\\/revista\\\/#\\\/schema\\\/logo\\\/image\\\/\"},\"sameAs\":[\"https:\\\/\\\/facebook.com\\\/DimeCuba\\\/\",\"https:\\\/\\\/x.com\\\/dimecuba\",\"https:\\\/\\\/www.instagram.com\\\/dimecuba\\\/\",\"https:\\\/\\\/www.linkedin.com\\\/company\\\/dimecuba\",\"https:\\\/\\\/www.youtube.com\\\/dimecubaweb\"]},{\"@type\":\"Person\",\"@id\":\"https:\\\/\\\/www.dimecuba.com\\\/revista\\\/#\\\/schema\\\/person\\\/c9170ad69b8f1747349109bcefe6ea61\",\"name\":\"anabarbara\",\"image\":{\"@type\":\"ImageObject\",\"inLanguage\":\"es\",\"@id\":\"https:\\\/\\\/secure.gravatar.com\\\/avatar\\\/b2068d959b6344abe419e9380ad193d5c007cf3d0e838d4a0fccea732b04b99e?s=96&d=mm&r=g\",\"url\":\"https:\\\/\\\/secure.gravatar.com\\\/avatar\\\/b2068d959b6344abe419e9380ad193d5c007cf3d0e838d4a0fccea732b04b99e?s=96&d=mm&r=g\",\"contentUrl\":\"https:\\\/\\\/secure.gravatar.com\\\/avatar\\\/b2068d959b6344abe419e9380ad193d5c007cf3d0e838d4a0fccea732b04b99e?s=96&d=mm&r=g\",\"caption\":\"anabarbara\"},\"url\":\"https:\\\/\\\/www.dimecuba.com\\\/revista\\\/author\\\/anabarbara\\\/\"}]}<\/script>\n<!-- \/ Yoast SEO Premium plugin. -->","yoast_head_json":{"title":"Ni\u00f1a cubana deja mensaje en una botella y apareci\u00f3 28 a\u00f1os despu\u00e9s en Espa\u00f1a","description":"Dos hermanas gallegas encontraron recientemente en una playa de Vigo, Espa\u00f1a, una botella lanzada en 1998 por una ni\u00f1a cubana","robots":{"index":"index","follow":"follow","max-snippet":"max-snippet:-1","max-image-preview":"max-image-preview:large","max-video-preview":"max-video-preview:-1"},"canonical":"https:\/\/www.dimecuba.com\/revista\/cubanos\/nina-cubana-deja-mensaje-en-una-botella-y-aparecio-28-anos-despues-en-espana\/","og_locale":"es_ES","og_type":"article","og_title":"Ni\u00f1a cubana deja mensaje en una botella y apareci\u00f3 28 a\u00f1os despu\u00e9s en Espa\u00f1a","og_description":"Dos hermanas gallegas encontraron recientemente en una playa de Vigo, Espa\u00f1a, una botella lanzada en 1998 por una ni\u00f1a cubana","og_url":"https:\/\/www.dimecuba.com\/revista\/cubanos\/nina-cubana-deja-mensaje-en-una-botella-y-aparecio-28-anos-despues-en-espana\/","og_site_name":"Revista DimeCuba","article_publisher":"https:\/\/facebook.com\/DimeCuba\/","article_published_time":"2026-09-01T14:51:05+00:00","og_image":[{"width":2346,"height":1272,"url":"https:\/\/www.dimecuba.com\/revista\/wp-content\/uploads\/2026\/09\/nina-cubana-lanza-mensaje-en-una-botella-imagen-de-referencia-Gemini.webp","type":"image\/webp"}],"author":"anabarbara","twitter_card":"summary_large_image","twitter_creator":"@dimecuba","twitter_site":"@dimecuba","twitter_misc":{"Escrito por":"anabarbara","Tiempo de lectura":"4 minutos"},"schema":{"@context":"https:\/\/schema.org","@graph":[{"@type":"NewsArticle","@id":"https:\/\/www.dimecuba.com\/revista\/cubanos\/nina-cubana-deja-mensaje-en-una-botella-y-aparecio-28-anos-despues-en-espana\/#article","isPartOf":{"@id":"https:\/\/www.dimecuba.com\/revista\/cubanos\/nina-cubana-deja-mensaje-en-una-botella-y-aparecio-28-anos-despues-en-espana\/"},"author":{"name":"anabarbara","@id":"https:\/\/www.dimecuba.com\/revista\/#\/schema\/person\/c9170ad69b8f1747349109bcefe6ea61"},"headline":"Ni\u00f1a cubana deja mensaje en una botella y apareci\u00f3 28 a\u00f1os despu\u00e9s en Espa\u00f1a","datePublished":"2026-09-01T14:51:05+00:00","mainEntityOfPage":{"@id":"https:\/\/www.dimecuba.com\/revista\/cubanos\/nina-cubana-deja-mensaje-en-una-botella-y-aparecio-28-anos-despues-en-espana\/"},"wordCount":723,"commentCount":0,"publisher":{"@id":"https:\/\/www.dimecuba.com\/revista\/#organization"},"image":{"@id":"https:\/\/www.dimecuba.com\/revista\/cubanos\/nina-cubana-deja-mensaje-en-una-botella-y-aparecio-28-anos-despues-en-espana\/#primaryimage"},"thumbnailUrl":"https:\/\/www.dimecuba.com\/revista\/wp-content\/uploads\/2026\/09\/nina-cubana-lanza-mensaje-en-una-botella-imagen-de-referencia-Gemini.webp","keywords":["Cubanos en Espa\u00f1a","vivir en cuba"],"articleSection":["CUBANOS"],"inLanguage":"es","potentialAction":[{"@type":"CommentAction","name":"Comment","target":["https:\/\/www.dimecuba.com\/revista\/cubanos\/nina-cubana-deja-mensaje-en-una-botella-y-aparecio-28-anos-despues-en-espana\/#respond"]}]},{"@type":"WebPage","@id":"https:\/\/www.dimecuba.com\/revista\/cubanos\/nina-cubana-deja-mensaje-en-una-botella-y-aparecio-28-anos-despues-en-espana\/","url":"https:\/\/www.dimecuba.com\/revista\/cubanos\/nina-cubana-deja-mensaje-en-una-botella-y-aparecio-28-anos-despues-en-espana\/","name":"Ni\u00f1a cubana deja mensaje en una botella y apareci\u00f3 28 a\u00f1os despu\u00e9s en Espa\u00f1a","isPartOf":{"@id":"https:\/\/www.dimecuba.com\/revista\/#website"},"primaryImageOfPage":{"@id":"https:\/\/www.dimecuba.com\/revista\/cubanos\/nina-cubana-deja-mensaje-en-una-botella-y-aparecio-28-anos-despues-en-espana\/#primaryimage"},"image":{"@id":"https:\/\/www.dimecuba.com\/revista\/cubanos\/nina-cubana-deja-mensaje-en-una-botella-y-aparecio-28-anos-despues-en-espana\/#primaryimage"},"thumbnailUrl":"https:\/\/www.dimecuba.com\/revista\/wp-content\/uploads\/2026\/09\/nina-cubana-lanza-mensaje-en-una-botella-imagen-de-referencia-Gemini.webp","datePublished":"2026-09-01T14:51:05+00:00","description":"Dos hermanas gallegas encontraron recientemente en una playa de Vigo, Espa\u00f1a, una botella lanzada en 1998 por una ni\u00f1a cubana","breadcrumb":{"@id":"https:\/\/www.dimecuba.com\/revista\/cubanos\/nina-cubana-deja-mensaje-en-una-botella-y-aparecio-28-anos-despues-en-espana\/#breadcrumb"},"inLanguage":"es","potentialAction":[{"@type":"ReadAction","target":["https:\/\/www.dimecuba.com\/revista\/cubanos\/nina-cubana-deja-mensaje-en-una-botella-y-aparecio-28-anos-despues-en-espana\/"]}]},{"@type":"ImageObject","inLanguage":"es","@id":"https:\/\/www.dimecuba.com\/revista\/cubanos\/nina-cubana-deja-mensaje-en-una-botella-y-aparecio-28-anos-despues-en-espana\/#primaryimage","url":"https:\/\/www.dimecuba.com\/revista\/wp-content\/uploads\/2026\/09\/nina-cubana-lanza-mensaje-en-una-botella-imagen-de-referencia-Gemini.webp","contentUrl":"https:\/\/www.dimecuba.com\/revista\/wp-content\/uploads\/2026\/09\/nina-cubana-lanza-mensaje-en-una-botella-imagen-de-referencia-Gemini.webp","width":2346,"height":1272,"caption":"ni\u00f1a cubana lanza mensaje en una botella-imagen de referencia-Gemini"},{"@type":"BreadcrumbList","@id":"https:\/\/www.dimecuba.com\/revista\/cubanos\/nina-cubana-deja-mensaje-en-una-botella-y-aparecio-28-anos-despues-en-espana\/#breadcrumb","itemListElement":[{"@type":"ListItem","position":1,"name":"Noticias de Cuba","item":"https:\/\/www.dimecuba.com\/revista\/"},{"@type":"ListItem","position":2,"name":"CUBANOS","item":"https:\/\/www.dimecuba.com\/revista\/cubanos\/"},{"@type":"ListItem","position":3,"name":"Ni\u00f1a cubana deja mensaje en una botella y apareci\u00f3 28 a\u00f1os despu\u00e9s en Espa\u00f1a"}]},{"@type":"WebSite","@id":"https:\/\/www.dimecuba.com\/revista\/#website","url":"https:\/\/www.dimecuba.com\/revista\/","name":"Revista DimeCuba","description":"\u00daltimas noticias y sucesos de Cuba","publisher":{"@id":"https:\/\/www.dimecuba.com\/revista\/#organization"},"potentialAction":[{"@type":"SearchAction","target":{"@type":"EntryPoint","urlTemplate":"https:\/\/www.dimecuba.com\/revista\/?s={search_term_string}"},"query-input":{"@type":"PropertyValueSpecification","valueRequired":true,"valueName":"search_term_string"}}],"inLanguage":"es"},{"@type":"Organization","@id":"https:\/\/www.dimecuba.com\/revista\/#organization","name":"DimeCuba","url":"https:\/\/www.dimecuba.com\/revista\/","logo":{"@type":"ImageObject","inLanguage":"es","@id":"https:\/\/www.dimecuba.com\/revista\/#\/schema\/logo\/image\/","url":"https:\/\/www.dimecuba.com\/revista\/wp-content\/uploads\/2018\/10\/Revista-DimeCuba-logo-sml-3.png","contentUrl":"https:\/\/www.dimecuba.com\/revista\/wp-content\/uploads\/2018\/10\/Revista-DimeCuba-logo-sml-3.png","width":201,"height":57,"caption":"DimeCuba"},"image":{"@id":"https:\/\/www.dimecuba.com\/revista\/#\/schema\/logo\/image\/"},"sameAs":["https:\/\/facebook.com\/DimeCuba\/","https:\/\/x.com\/dimecuba","https:\/\/www.instagram.com\/dimecuba\/","https:\/\/www.linkedin.com\/company\/dimecuba","https:\/\/www.youtube.com\/dimecubaweb"]},{"@type":"Person","@id":"https:\/\/www.dimecuba.com\/revista\/#\/schema\/person\/c9170ad69b8f1747349109bcefe6ea61","name":"anabarbara","image":{"@type":"ImageObject","inLanguage":"es","@id":"https:\/\/secure.gravatar.com\/avatar\/b2068d959b6344abe419e9380ad193d5c007cf3d0e838d4a0fccea732b04b99e?s=96&d=mm&r=g","url":"https:\/\/secure.gravatar.com\/avatar\/b2068d959b6344abe419e9380ad193d5c007cf3d0e838d4a0fccea732b04b99e?s=96&d=mm&r=g","contentUrl":"https:\/\/secure.gravatar.com\/avatar\/b2068d959b6344abe419e9380ad193d5c007cf3d0e838d4a0fccea732b04b99e?s=96&d=mm&r=g","caption":"anabarbara"},"url":"https:\/\/www.dimecuba.com\/revista\/author\/anabarbara\/"}]}},"_links":{"self":[{"href":"https:\/\/www.dimecuba.com\/revista\/wp-json\/wp\/v2\/posts\/96632","targetHints":{"allow":["GET"]}}],"collection":[{"href":"https:\/\/www.dimecuba.com\/revista\/wp-json\/wp\/v2\/posts"}],"about":[{"href":"https:\/\/www.dimecuba.com\/revista\/wp-json\/wp\/v2\/types\/post"}],"author":[{"embeddable":true,"href":"https:\/\/www.dimecuba.com\/revista\/wp-json\/wp\/v2\/users\/33"}],"replies":[{"embeddable":true,"href":"https:\/\/www.dimecuba.com\/revista\/wp-json\/wp\/v2\/comments?post=96632"}],"version-history":[{"count":0,"href":"https:\/\/www.dimecuba.com\/revista\/wp-json\/wp\/v2\/posts\/96632\/revisions"}],"wp:featuredmedia":[{"embeddable":true,"href":"https:\/\/www.dimecuba.com\/revista\/wp-json\/wp\/v2\/media\/96633"}],"wp:attachment":[{"href":"https:\/\/www.dimecuba.com\/revista\/wp-json\/wp\/v2\/media?parent=96632"}],"wp:term":[{"taxonomy":"category","embeddable":true,"href":"https:\/\/www.dimecuba.com\/revista\/wp-json\/wp\/v2\/categories?post=96632"},{"taxonomy":"post_tag","embeddable":true,"href":"https:\/\/www.dimecuba.com\/revista\/wp-json\/wp\/v2\/tags?post=96632"}],"curies":[{"name":"wp","href":"https:\/\/api.w.org\/{rel}","templated":true}]}}