{"id":96673,"date":"2026-09-04T18:27:20","date_gmt":"2026-09-04T18:27:20","guid":{"rendered":"https:\/\/www.dimecuba.com\/revista\/?p=96673"},"modified":"2026-09-04T18:27:20","modified_gmt":"2026-09-04T18:27:20","slug":"espana-abre-matricula-online-para-estudiar-desde-cuba-cuando-y-como-inscribirse-antes-del-14-de-septiembre","status":"publish","type":"post","link":"https:\/\/www.dimecuba.com\/revista\/nacionalidad-espanola\/estudiar-en-espana\/espana-abre-matricula-online-para-estudiar-desde-cuba-cuando-y-como-inscribirse-antes-del-14-de-septiembre\/","title":{"rendered":"Espa\u00f1a abre matr\u00edcula online para estudiar desde Cuba: cuando y c\u00f3mo inscribirse antes del 14 de septiembre"},"content":{"rendered":"<p>El <strong><a href=\"https:\/\/www.educacionfpydeportes.gob.es\/portada.html\">Ministerio de Educaci\u00f3n, Formaci\u00f3n Profesional y Deportes de Espa\u00f1a<\/a><\/strong> abri\u00f3 el 3 de septiembre de 2026 la matr\u00edcula para los Estudios Flexibles del CIDEAD correspondientes al curso 2026-2027.<\/p>\n<p>La convocatoria incluye Educaci\u00f3n Primaria, Educaci\u00f3n Secundaria Obligatoria y Bachillerato en modalidad a distancia. La matr\u00edcula CIDEAD Cuba Espa\u00f1a 2026 puede beneficiar directamente a familias cubanas cuyos hijos ya tienen la nacionalidad espa\u00f1ola, pero siguen viviendo y estudiando en la Isla. El plazo cierra el 14 de septiembre a las 23:59 horas.<\/p>\n<h2>Qu\u00e9 es el CIDEAD<\/h2>\n<p>El <strong><a href=\"https:\/\/www.educacionfpydeportes.gob.es\/mc\/cidead\/centro-integrado.html\">Centro Integrado de Ense\u00f1anzas Regladas a Distancia<\/a><\/strong> es un organismo dependiente del Ministerio de Educaci\u00f3n espa\u00f1ol que ofrece ense\u00f1anzas regladas en modalidad no presencial. No es una academia privada ni un programa extracurricular. Es un centro educativo oficial del Estado espa\u00f1ol cuyas titulaciones tienen el mismo valor que las obtenidas en cualquier colegio presencial del pa\u00eds.<\/p>\n<p>El CIDEAD existe desde hace d\u00e9cadas y fue dise\u00f1ado originalmente para atender a estudiantes en situaciones especiales que impiden la asistencia a un centro educativo convencional: menores que viven en el exterior, hijos de familias itinerantes, deportistas de \u00e9lite en edad escolar o menores en situaciones de salud que dificultan la presencialidad.<\/p>\n<p>Para los hijos de cubanos con ciudadan\u00eda espa\u00f1ola que siguen residiendo en Cuba, el CIDEAD ofrece una v\u00eda concreta para comenzar a cursar el sistema educativo espa\u00f1ol sin necesidad de abandonar la Isla.<\/p>\n<h2>Qu\u00e9 niveles incluye la convocatoria<\/h2>\n<p>La matr\u00edcula flexible del CIDEAD para el curso 2026-2027 comprende tres niveles:<\/p>\n<ol>\n<li>Educaci\u00f3n Primaria, equivalente a los cursos de 6 a 12 a\u00f1os en el sistema educativo espa\u00f1ol.<\/li>\n<li>Educaci\u00f3n Secundaria Obligatoria, conocida como ESO, que abarca los cuatro cursos posteriores a Primaria y equivale aproximadamente a los \u00faltimos a\u00f1os de la secundaria b\u00e1sica cubana.<\/li>\n<li>Bachillerato, que corresponde a los dos a\u00f1os previos a la universidad y que en Cuba se conoce como preuniversitario.<\/li>\n<\/ol>\n<p>Los tres niveles se cursan en modalidad flexible, lo que significa que el estudiante puede avanzar a su propio ritmo y no est\u00e1 obligado a completar un curso entero en un a\u00f1o acad\u00e9mico si su situaci\u00f3n no lo permite.<\/p>\n<h2>A qui\u00e9n va dirigida esta convocatoria<\/h2>\n<p>El programa no est\u00e1 abierto a cualquier menor cubano. El CIDEAD requiere que el solicitante sea ciudadano espa\u00f1ol o cuente con autorizaci\u00f3n administrativa para cursar estudios en Espa\u00f1a.<\/p>\n<p>Esto significa que el perfil m\u00e1s beneficiado por esta convocatoria es el de menores nacidos en Cuba que obtuvieron la nacionalidad espa\u00f1ola, ya sea directamente como hijos de espa\u00f1oles de origen o a trav\u00e9s de la Ley de Memoria Democr\u00e1tica.<\/p>\n<p>Desde que esa ley cerr\u00f3 su plazo de solicitudes en octubre de 2025, miles de expedientes de nacionalidad presentados desde Cuba continuaron pendientes de resoluci\u00f3n. Los menores cuyos expedientes ya fueron aprobados y que tienen la ciudadan\u00eda espa\u00f1ola confirmada son los que pueden acceder a esta matr\u00edcula desde Cuba.<\/p>\n<p>Para las familias que contemplan una mudanza futura a Espa\u00f1a, el programa ofrece adem\u00e1s la posibilidad de que los menores comiencen a familiarizarse con los contenidos y la metodolog\u00eda del sistema educativo espa\u00f1ol antes de trasladarse. Esa preparaci\u00f3n anticipada puede facilitar considerablemente la integraci\u00f3n escolar cuando llegue el momento del traslado.<\/p>\n<h2>Cu\u00e1ndo y c\u00f3mo inscribirse<\/h2>\n<p>El plazo de matr\u00edcula flexible del CIDEAD para el curso 2026-2027 comenz\u00f3 a las 00:00 horas del jueves 3 de septiembre de 2026 y cerrar\u00e1 el 14 de septiembre a las 23:59 horas. No hay plazo adicional. El Ministerio de Educaci\u00f3n confirma que la convocatoria est\u00e1 actualmente abierta.<\/p>\n<p>El procedimiento completo, incluyendo la documentaci\u00f3n exigida y el formulario de solicitud, est\u00e1 disponible en el portal oficial del Ministerio de Educaci\u00f3n espa\u00f1ol en la direcci\u00f3n educacionfpydeportes.gob.es, en la secci\u00f3n del CIDEAD.<\/p>\n<p>Las consultas sobre el procedimiento pueden realizarse a trav\u00e9s de la Secretar\u00eda del Centro Integrado de Ense\u00f1anzas Regladas a Distancia del CIDEAD, ubicada en el Paseo del Prado 28, octava planta, 28014 Madrid.<\/p>\n<h3>Por qu\u00e9 esta convocatoria importa ahora<\/h3>\n<p>La apertura de esta matr\u00edcula llega en un momento relevante para miles de familias cubanas. La Ley de Nietos, que permiti\u00f3 a descendientes de espa\u00f1oles solicitar la ciudadan\u00eda sin necesidad de residir en Espa\u00f1a, cerr\u00f3 su plazo de solicitudes en octubre de 2025. Muchos de esos expedientes incluyen a menores que ya tienen o tendr\u00e1n en breve la nacionalidad espa\u00f1ola pero que por razones econ\u00f3micas, migratorias o familiares siguen en Cuba.<\/p>\n<p>Para esos ni\u00f1os y j\u00f3venes, la <a href=\"https:\/\/www.dimecuba.com\/revista\/nacionalidad-espanola\/estudiar-en-espana\/becas-cubanos-espana-2026\/\"><strong>posibilidad de cursar el sistema educativo espa\u00f1ol <\/strong><\/a>desde la Isla tiene un valor concreto que va m\u00e1s all\u00e1 de la formaci\u00f3n acad\u00e9mica. Implica empezar a construir un historial educativo en Espa\u00f1a antes de llegar, acceder a contenidos del sistema con el que deber\u00e1n convivir al emigrar y obtener certificaciones oficiales reconocidas en todo el territorio espa\u00f1ol y en la Uni\u00f3n Europea.<\/p>\n<p>La normativa migratoria espa\u00f1ola tambi\u00e9n contempla una v\u00eda de residencia favorable para determinados hijos de personas que son o fueron espa\u00f1oles de origen, lo que ampl\u00eda el escenario para descendientes que quedaron fuera de la Ley de Nietos pero que podr\u00edan regularizar su situaci\u00f3n por otras v\u00edas<\/p>\n","protected":false},"excerpt":{"rendered":"<p>El Ministerio de Educaci\u00f3n, Formaci\u00f3n Profesional y Deportes de Espa\u00f1a abri\u00f3 el 3 de septiembre de 2026 la matr\u00edcula para<\/p>\n","protected":false},"author":33,"featured_media":93403,"comment_status":"open","ping_status":"closed","sticky":false,"template":"","format":"standard","meta":{"colormag_page_container_layout":"default_layout","colormag_page_sidebar_layout":"default_layout","wprm-recipe-roundup-name":"","wprm-recipe-roundup-description":"","footnotes":""},"categories":[18236],"tags":[18577,18241],"class_list":["post-96673","post","type-post","status-publish","format-standard","has-post-thumbnail","hentry","category-estudiar-en-espana","tag-cubanos-en-espana","tag-tramites-espana"],"yoast_head":"<!-- This site is optimized with the Yoast SEO Premium plugin v24.8 (Yoast SEO v28.4) - https:\/\/yoast.com\/product\/yoast-seo-premium-wordpress\/ -->\n<title>Espa\u00f1a abre matr\u00edcula online para estudiar desde Cuba: cuando y c\u00f3mo inscribirse antes del 14 de septiembre<\/title>\n<meta name=\"description\" content=\"El Ministerio de Educaci\u00f3n de Espa\u00f1a abri\u00f3 hasta el 14 de septiembre la matr\u00edcula del CIDEAD para el curso 2026-2027\" \/>\n<meta name=\"robots\" content=\"index, follow, max-snippet:-1, max-image-preview:large, max-video-preview:-1\" \/>\n<link rel=\"canonical\" href=\"https:\/\/www.dimecuba.com\/revista\/nacionalidad-espanola\/estudiar-en-espana\/espana-abre-matricula-online-para-estudiar-desde-cuba-cuando-y-como-inscribirse-antes-del-14-de-septiembre\/\" \/>\n<meta property=\"og:locale\" content=\"es_ES\" \/>\n<meta property=\"og:type\" content=\"article\" \/>\n<meta property=\"og:title\" content=\"Espa\u00f1a abre matr\u00edcula online para estudiar desde Cuba: cuando y c\u00f3mo inscribirse antes del 14 de septiembre\" \/>\n<meta property=\"og:description\" content=\"El Ministerio de Educaci\u00f3n de Espa\u00f1a abri\u00f3 hasta el 14 de septiembre la matr\u00edcula del CIDEAD para el curso 2026-2027\" \/>\n<meta property=\"og:url\" content=\"https:\/\/www.dimecuba.com\/revista\/nacionalidad-espanola\/estudiar-en-espana\/espana-abre-matricula-online-para-estudiar-desde-cuba-cuando-y-como-inscribirse-antes-del-14-de-septiembre\/\" \/>\n<meta property=\"og:site_name\" content=\"Revista DimeCuba\" \/>\n<meta property=\"article:publisher\" content=\"https:\/\/facebook.com\/DimeCuba\/\" \/>\n<meta property=\"article:published_time\" content=\"2026-09-04T18:27:20+00:00\" \/>\n<meta property=\"og:image\" content=\"https:\/\/www.dimecuba.com\/revista\/wp-content\/uploads\/2025\/04\/cubanos-irregulares-espana.webp\" \/>\n\t<meta property=\"og:image:width\" content=\"1280\" \/>\n\t<meta property=\"og:image:height\" content=\"670\" \/>\n\t<meta property=\"og:image:type\" content=\"image\/webp\" \/>\n<meta name=\"author\" content=\"anabarbara\" \/>\n<meta name=\"twitter:card\" content=\"summary_large_image\" \/>\n<meta name=\"twitter:creator\" content=\"@dimecuba\" \/>\n<meta name=\"twitter:site\" content=\"@dimecuba\" \/>\n<meta name=\"twitter:label1\" content=\"Escrito por\" \/>\n\t<meta name=\"twitter:data1\" content=\"anabarbara\" \/>\n\t<meta name=\"twitter:label2\" content=\"Tiempo de lectura\" \/>\n\t<meta name=\"twitter:data2\" content=\"4 minutos\" \/>\n<script type=\"application\/ld+json\" class=\"yoast-schema-graph\">{\"@context\":\"https:\\\/\\\/schema.org\",\"@graph\":[{\"@type\":\"NewsArticle\",\"@id\":\"https:\\\/\\\/www.dimecuba.com\\\/revista\\\/nacionalidad-espanola\\\/estudiar-en-espana\\\/espana-abre-matricula-online-para-estudiar-desde-cuba-cuando-y-como-inscribirse-antes-del-14-de-septiembre\\\/#article\",\"isPartOf\":{\"@id\":\"https:\\\/\\\/www.dimecuba.com\\\/revista\\\/nacionalidad-espanola\\\/estudiar-en-espana\\\/espana-abre-matricula-online-para-estudiar-desde-cuba-cuando-y-como-inscribirse-antes-del-14-de-septiembre\\\/\"},\"author\":{\"name\":\"anabarbara\",\"@id\":\"https:\\\/\\\/www.dimecuba.com\\\/revista\\\/#\\\/schema\\\/person\\\/c9170ad69b8f1747349109bcefe6ea61\"},\"headline\":\"Espa\u00f1a abre matr\u00edcula online para estudiar desde Cuba: cuando y c\u00f3mo inscribirse antes del 14 de septiembre\",\"datePublished\":\"2026-09-04T18:27:20+00:00\",\"mainEntityOfPage\":{\"@id\":\"https:\\\/\\\/www.dimecuba.com\\\/revista\\\/nacionalidad-espanola\\\/estudiar-en-espana\\\/espana-abre-matricula-online-para-estudiar-desde-cuba-cuando-y-como-inscribirse-antes-del-14-de-septiembre\\\/\"},\"wordCount\":919,\"commentCount\":0,\"publisher\":{\"@id\":\"https:\\\/\\\/www.dimecuba.com\\\/revista\\\/#organization\"},\"image\":{\"@id\":\"https:\\\/\\\/www.dimecuba.com\\\/revista\\\/nacionalidad-espanola\\\/estudiar-en-espana\\\/espana-abre-matricula-online-para-estudiar-desde-cuba-cuando-y-como-inscribirse-antes-del-14-de-septiembre\\\/#primaryimage\"},\"thumbnailUrl\":\"https:\\\/\\\/www.dimecuba.com\\\/revista\\\/wp-content\\\/uploads\\\/2025\\\/04\\\/cubanos-irregulares-espana.webp\",\"keywords\":[\"Cubanos en Espa\u00f1a\",\"TR\u00c1MITES ESPA\u00d1A\"],\"articleSection\":[\"ESTUDIAR EN ESPA\u00d1A\"],\"inLanguage\":\"es\",\"potentialAction\":[{\"@type\":\"CommentAction\",\"name\":\"Comment\",\"target\":[\"https:\\\/\\\/www.dimecuba.com\\\/revista\\\/nacionalidad-espanola\\\/estudiar-en-espana\\\/espana-abre-matricula-online-para-estudiar-desde-cuba-cuando-y-como-inscribirse-antes-del-14-de-septiembre\\\/#respond\"]}]},{\"@type\":\"WebPage\",\"@id\":\"https:\\\/\\\/www.dimecuba.com\\\/revista\\\/nacionalidad-espanola\\\/estudiar-en-espana\\\/espana-abre-matricula-online-para-estudiar-desde-cuba-cuando-y-como-inscribirse-antes-del-14-de-septiembre\\\/\",\"url\":\"https:\\\/\\\/www.dimecuba.com\\\/revista\\\/nacionalidad-espanola\\\/estudiar-en-espana\\\/espana-abre-matricula-online-para-estudiar-desde-cuba-cuando-y-como-inscribirse-antes-del-14-de-septiembre\\\/\",\"name\":\"Espa\u00f1a abre matr\u00edcula online para estudiar desde Cuba: cuando y c\u00f3mo inscribirse antes del 14 de septiembre\",\"isPartOf\":{\"@id\":\"https:\\\/\\\/www.dimecuba.com\\\/revista\\\/#website\"},\"primaryImageOfPage\":{\"@id\":\"https:\\\/\\\/www.dimecuba.com\\\/revista\\\/nacionalidad-espanola\\\/estudiar-en-espana\\\/espana-abre-matricula-online-para-estudiar-desde-cuba-cuando-y-como-inscribirse-antes-del-14-de-septiembre\\\/#primaryimage\"},\"image\":{\"@id\":\"https:\\\/\\\/www.dimecuba.com\\\/revista\\\/nacionalidad-espanola\\\/estudiar-en-espana\\\/espana-abre-matricula-online-para-estudiar-desde-cuba-cuando-y-como-inscribirse-antes-del-14-de-septiembre\\\/#primaryimage\"},\"thumbnailUrl\":\"https:\\\/\\\/www.dimecuba.com\\\/revista\\\/wp-content\\\/uploads\\\/2025\\\/04\\\/cubanos-irregulares-espana.webp\",\"datePublished\":\"2026-09-04T18:27:20+00:00\",\"description\":\"El Ministerio de Educaci\u00f3n de Espa\u00f1a abri\u00f3 hasta el 14 de septiembre la matr\u00edcula del CIDEAD para el curso 2026-2027\",\"breadcrumb\":{\"@id\":\"https:\\\/\\\/www.dimecuba.com\\\/revista\\\/nacionalidad-espanola\\\/estudiar-en-espana\\\/espana-abre-matricula-online-para-estudiar-desde-cuba-cuando-y-como-inscribirse-antes-del-14-de-septiembre\\\/#breadcrumb\"},\"inLanguage\":\"es\",\"potentialAction\":[{\"@type\":\"ReadAction\",\"target\":[\"https:\\\/\\\/www.dimecuba.com\\\/revista\\\/nacionalidad-espanola\\\/estudiar-en-espana\\\/espana-abre-matricula-online-para-estudiar-desde-cuba-cuando-y-como-inscribirse-antes-del-14-de-septiembre\\\/\"]}]},{\"@type\":\"ImageObject\",\"inLanguage\":\"es\",\"@id\":\"https:\\\/\\\/www.dimecuba.com\\\/revista\\\/nacionalidad-espanola\\\/estudiar-en-espana\\\/espana-abre-matricula-online-para-estudiar-desde-cuba-cuando-y-como-inscribirse-antes-del-14-de-septiembre\\\/#primaryimage\",\"url\":\"https:\\\/\\\/www.dimecuba.com\\\/revista\\\/wp-content\\\/uploads\\\/2025\\\/04\\\/cubanos-irregulares-espana.webp\",\"contentUrl\":\"https:\\\/\\\/www.dimecuba.com\\\/revista\\\/wp-content\\\/uploads\\\/2025\\\/04\\\/cubanos-irregulares-espana.webp\",\"width\":1280,\"height\":670,\"caption\":\"cubanos irregulares en Espa\u00f1a luchan por construir un futuro mejor\"},{\"@type\":\"BreadcrumbList\",\"@id\":\"https:\\\/\\\/www.dimecuba.com\\\/revista\\\/nacionalidad-espanola\\\/estudiar-en-espana\\\/espana-abre-matricula-online-para-estudiar-desde-cuba-cuando-y-como-inscribirse-antes-del-14-de-septiembre\\\/#breadcrumb\",\"itemListElement\":[{\"@type\":\"ListItem\",\"position\":1,\"name\":\"Noticias de Cuba\",\"item\":\"https:\\\/\\\/www.dimecuba.com\\\/revista\\\/\"},{\"@type\":\"ListItem\",\"position\":2,\"name\":\"NACIONALIDAD ESPA\u00d1OLA\",\"item\":\"https:\\\/\\\/www.dimecuba.com\\\/revista\\\/nacionalidad-espanola\\\/\"},{\"@type\":\"ListItem\",\"position\":3,\"name\":\"ESTUDIAR EN ESPA\u00d1A\",\"item\":\"https:\\\/\\\/www.dimecuba.com\\\/revista\\\/nacionalidad-espanola\\\/estudiar-en-espana\\\/\"},{\"@type\":\"ListItem\",\"position\":4,\"name\":\"Espa\u00f1a abre matr\u00edcula online para estudiar desde Cuba: cuando y c\u00f3mo inscribirse antes del 14 de septiembre\"}]},{\"@type\":\"WebSite\",\"@id\":\"https:\\\/\\\/www.dimecuba.com\\\/revista\\\/#website\",\"url\":\"https:\\\/\\\/www.dimecuba.com\\\/revista\\\/\",\"name\":\"Revista DimeCuba\",\"description\":\"\u00daltimas noticias y sucesos de Cuba\",\"publisher\":{\"@id\":\"https:\\\/\\\/www.dimecuba.com\\\/revista\\\/#organization\"},\"potentialAction\":[{\"@type\":\"SearchAction\",\"target\":{\"@type\":\"EntryPoint\",\"urlTemplate\":\"https:\\\/\\\/www.dimecuba.com\\\/revista\\\/?s={search_term_string}\"},\"query-input\":{\"@type\":\"PropertyValueSpecification\",\"valueRequired\":true,\"valueName\":\"search_term_string\"}}],\"inLanguage\":\"es\"},{\"@type\":\"Organization\",\"@id\":\"https:\\\/\\\/www.dimecuba.com\\\/revista\\\/#organization\",\"name\":\"DimeCuba\",\"url\":\"https:\\\/\\\/www.dimecuba.com\\\/revista\\\/\",\"logo\":{\"@type\":\"ImageObject\",\"inLanguage\":\"es\",\"@id\":\"https:\\\/\\\/www.dimecuba.com\\\/revista\\\/#\\\/schema\\\/logo\\\/image\\\/\",\"url\":\"https:\\\/\\\/www.dimecuba.com\\\/revista\\\/wp-content\\\/uploads\\\/2018\\\/10\\\/Revista-DimeCuba-logo-sml-3.png\",\"contentUrl\":\"https:\\\/\\\/www.dimecuba.com\\\/revista\\\/wp-content\\\/uploads\\\/2018\\\/10\\\/Revista-DimeCuba-logo-sml-3.png\",\"width\":201,\"height\":57,\"caption\":\"DimeCuba\"},\"image\":{\"@id\":\"https:\\\/\\\/www.dimecuba.com\\\/revista\\\/#\\\/schema\\\/logo\\\/image\\\/\"},\"sameAs\":[\"https:\\\/\\\/facebook.com\\\/DimeCuba\\\/\",\"https:\\\/\\\/x.com\\\/dimecuba\",\"https:\\\/\\\/www.instagram.com\\\/dimecuba\\\/\",\"https:\\\/\\\/www.linkedin.com\\\/company\\\/dimecuba\",\"https:\\\/\\\/www.youtube.com\\\/dimecubaweb\"]},{\"@type\":\"Person\",\"@id\":\"https:\\\/\\\/www.dimecuba.com\\\/revista\\\/#\\\/schema\\\/person\\\/c9170ad69b8f1747349109bcefe6ea61\",\"name\":\"anabarbara\",\"image\":{\"@type\":\"ImageObject\",\"inLanguage\":\"es\",\"@id\":\"https:\\\/\\\/secure.gravatar.com\\\/avatar\\\/b2068d959b6344abe419e9380ad193d5c007cf3d0e838d4a0fccea732b04b99e?s=96&d=mm&r=g\",\"url\":\"https:\\\/\\\/secure.gravatar.com\\\/avatar\\\/b2068d959b6344abe419e9380ad193d5c007cf3d0e838d4a0fccea732b04b99e?s=96&d=mm&r=g\",\"contentUrl\":\"https:\\\/\\\/secure.gravatar.com\\\/avatar\\\/b2068d959b6344abe419e9380ad193d5c007cf3d0e838d4a0fccea732b04b99e?s=96&d=mm&r=g\",\"caption\":\"anabarbara\"},\"url\":\"https:\\\/\\\/www.dimecuba.com\\\/revista\\\/author\\\/anabarbara\\\/\"}]}<\/script>\n<!-- \/ Yoast SEO Premium plugin. -->","yoast_head_json":{"title":"Espa\u00f1a abre matr\u00edcula online para estudiar desde Cuba: cuando y c\u00f3mo inscribirse antes del 14 de septiembre","description":"El Ministerio de Educaci\u00f3n de Espa\u00f1a abri\u00f3 hasta el 14 de septiembre la matr\u00edcula del CIDEAD para el curso 2026-2027","robots":{"index":"index","follow":"follow","max-snippet":"max-snippet:-1","max-image-preview":"max-image-preview:large","max-video-preview":"max-video-preview:-1"},"canonical":"https:\/\/www.dimecuba.com\/revista\/nacionalidad-espanola\/estudiar-en-espana\/espana-abre-matricula-online-para-estudiar-desde-cuba-cuando-y-como-inscribirse-antes-del-14-de-septiembre\/","og_locale":"es_ES","og_type":"article","og_title":"Espa\u00f1a abre matr\u00edcula online para estudiar desde Cuba: cuando y c\u00f3mo inscribirse antes del 14 de septiembre","og_description":"El Ministerio de Educaci\u00f3n de Espa\u00f1a abri\u00f3 hasta el 14 de septiembre la matr\u00edcula del CIDEAD para el curso 2026-2027","og_url":"https:\/\/www.dimecuba.com\/revista\/nacionalidad-espanola\/estudiar-en-espana\/espana-abre-matricula-online-para-estudiar-desde-cuba-cuando-y-como-inscribirse-antes-del-14-de-septiembre\/","og_site_name":"Revista DimeCuba","article_publisher":"https:\/\/facebook.com\/DimeCuba\/","article_published_time":"2026-09-04T18:27:20+00:00","og_image":[{"width":1280,"height":670,"url":"https:\/\/www.dimecuba.com\/revista\/wp-content\/uploads\/2025\/04\/cubanos-irregulares-espana.webp","type":"image\/webp"}],"author":"anabarbara","twitter_card":"summary_large_image","twitter_creator":"@dimecuba","twitter_site":"@dimecuba","twitter_misc":{"Escrito por":"anabarbara","Tiempo de lectura":"4 minutos"},"schema":{"@context":"https:\/\/schema.org","@graph":[{"@type":"NewsArticle","@id":"https:\/\/www.dimecuba.com\/revista\/nacionalidad-espanola\/estudiar-en-espana\/espana-abre-matricula-online-para-estudiar-desde-cuba-cuando-y-como-inscribirse-antes-del-14-de-septiembre\/#article","isPartOf":{"@id":"https:\/\/www.dimecuba.com\/revista\/nacionalidad-espanola\/estudiar-en-espana\/espana-abre-matricula-online-para-estudiar-desde-cuba-cuando-y-como-inscribirse-antes-del-14-de-septiembre\/"},"author":{"name":"anabarbara","@id":"https:\/\/www.dimecuba.com\/revista\/#\/schema\/person\/c9170ad69b8f1747349109bcefe6ea61"},"headline":"Espa\u00f1a abre matr\u00edcula online para estudiar desde Cuba: cuando y c\u00f3mo inscribirse antes del 14 de septiembre","datePublished":"2026-09-04T18:27:20+00:00","mainEntityOfPage":{"@id":"https:\/\/www.dimecuba.com\/revista\/nacionalidad-espanola\/estudiar-en-espana\/espana-abre-matricula-online-para-estudiar-desde-cuba-cuando-y-como-inscribirse-antes-del-14-de-septiembre\/"},"wordCount":919,"commentCount":0,"publisher":{"@id":"https:\/\/www.dimecuba.com\/revista\/#organization"},"image":{"@id":"https:\/\/www.dimecuba.com\/revista\/nacionalidad-espanola\/estudiar-en-espana\/espana-abre-matricula-online-para-estudiar-desde-cuba-cuando-y-como-inscribirse-antes-del-14-de-septiembre\/#primaryimage"},"thumbnailUrl":"https:\/\/www.dimecuba.com\/revista\/wp-content\/uploads\/2025\/04\/cubanos-irregulares-espana.webp","keywords":["Cubanos en Espa\u00f1a","TR\u00c1MITES ESPA\u00d1A"],"articleSection":["ESTUDIAR EN ESPA\u00d1A"],"inLanguage":"es","potentialAction":[{"@type":"CommentAction","name":"Comment","target":["https:\/\/www.dimecuba.com\/revista\/nacionalidad-espanola\/estudiar-en-espana\/espana-abre-matricula-online-para-estudiar-desde-cuba-cuando-y-como-inscribirse-antes-del-14-de-septiembre\/#respond"]}]},{"@type":"WebPage","@id":"https:\/\/www.dimecuba.com\/revista\/nacionalidad-espanola\/estudiar-en-espana\/espana-abre-matricula-online-para-estudiar-desde-cuba-cuando-y-como-inscribirse-antes-del-14-de-septiembre\/","url":"https:\/\/www.dimecuba.com\/revista\/nacionalidad-espanola\/estudiar-en-espana\/espana-abre-matricula-online-para-estudiar-desde-cuba-cuando-y-como-inscribirse-antes-del-14-de-septiembre\/","name":"Espa\u00f1a abre matr\u00edcula online para estudiar desde Cuba: cuando y c\u00f3mo inscribirse antes del 14 de septiembre","isPartOf":{"@id":"https:\/\/www.dimecuba.com\/revista\/#website"},"primaryImageOfPage":{"@id":"https:\/\/www.dimecuba.com\/revista\/nacionalidad-espanola\/estudiar-en-espana\/espana-abre-matricula-online-para-estudiar-desde-cuba-cuando-y-como-inscribirse-antes-del-14-de-septiembre\/#primaryimage"},"image":{"@id":"https:\/\/www.dimecuba.com\/revista\/nacionalidad-espanola\/estudiar-en-espana\/espana-abre-matricula-online-para-estudiar-desde-cuba-cuando-y-como-inscribirse-antes-del-14-de-septiembre\/#primaryimage"},"thumbnailUrl":"https:\/\/www.dimecuba.com\/revista\/wp-content\/uploads\/2025\/04\/cubanos-irregulares-espana.webp","datePublished":"2026-09-04T18:27:20+00:00","description":"El Ministerio de Educaci\u00f3n de Espa\u00f1a abri\u00f3 hasta el 14 de septiembre la matr\u00edcula del CIDEAD para el curso 2026-2027","breadcrumb":{"@id":"https:\/\/www.dimecuba.com\/revista\/nacionalidad-espanola\/estudiar-en-espana\/espana-abre-matricula-online-para-estudiar-desde-cuba-cuando-y-como-inscribirse-antes-del-14-de-septiembre\/#breadcrumb"},"inLanguage":"es","potentialAction":[{"@type":"ReadAction","target":["https:\/\/www.dimecuba.com\/revista\/nacionalidad-espanola\/estudiar-en-espana\/espana-abre-matricula-online-para-estudiar-desde-cuba-cuando-y-como-inscribirse-antes-del-14-de-septiembre\/"]}]},{"@type":"ImageObject","inLanguage":"es","@id":"https:\/\/www.dimecuba.com\/revista\/nacionalidad-espanola\/estudiar-en-espana\/espana-abre-matricula-online-para-estudiar-desde-cuba-cuando-y-como-inscribirse-antes-del-14-de-septiembre\/#primaryimage","url":"https:\/\/www.dimecuba.com\/revista\/wp-content\/uploads\/2025\/04\/cubanos-irregulares-espana.webp","contentUrl":"https:\/\/www.dimecuba.com\/revista\/wp-content\/uploads\/2025\/04\/cubanos-irregulares-espana.webp","width":1280,"height":670,"caption":"cubanos irregulares en Espa\u00f1a luchan por construir un futuro mejor"},{"@type":"BreadcrumbList","@id":"https:\/\/www.dimecuba.com\/revista\/nacionalidad-espanola\/estudiar-en-espana\/espana-abre-matricula-online-para-estudiar-desde-cuba-cuando-y-como-inscribirse-antes-del-14-de-septiembre\/#breadcrumb","itemListElement":[{"@type":"ListItem","position":1,"name":"Noticias de Cuba","item":"https:\/\/www.dimecuba.com\/revista\/"},{"@type":"ListItem","position":2,"name":"NACIONALIDAD ESPA\u00d1OLA","item":"https:\/\/www.dimecuba.com\/revista\/nacionalidad-espanola\/"},{"@type":"ListItem","position":3,"name":"ESTUDIAR EN ESPA\u00d1A","item":"https:\/\/www.dimecuba.com\/revista\/nacionalidad-espanola\/estudiar-en-espana\/"},{"@type":"ListItem","position":4,"name":"Espa\u00f1a abre matr\u00edcula online para estudiar desde Cuba: cuando y c\u00f3mo inscribirse antes del 14 de septiembre"}]},{"@type":"WebSite","@id":"https:\/\/www.dimecuba.com\/revista\/#website","url":"https:\/\/www.dimecuba.com\/revista\/","name":"Revista DimeCuba","description":"\u00daltimas noticias y sucesos de Cuba","publisher":{"@id":"https:\/\/www.dimecuba.com\/revista\/#organization"},"potentialAction":[{"@type":"SearchAction","target":{"@type":"EntryPoint","urlTemplate":"https:\/\/www.dimecuba.com\/revista\/?s={search_term_string}"},"query-input":{"@type":"PropertyValueSpecification","valueRequired":true,"valueName":"search_term_string"}}],"inLanguage":"es"},{"@type":"Organization","@id":"https:\/\/www.dimecuba.com\/revista\/#organization","name":"DimeCuba","url":"https:\/\/www.dimecuba.com\/revista\/","logo":{"@type":"ImageObject","inLanguage":"es","@id":"https:\/\/www.dimecuba.com\/revista\/#\/schema\/logo\/image\/","url":"https:\/\/www.dimecuba.com\/revista\/wp-content\/uploads\/2018\/10\/Revista-DimeCuba-logo-sml-3.png","contentUrl":"https:\/\/www.dimecuba.com\/revista\/wp-content\/uploads\/2018\/10\/Revista-DimeCuba-logo-sml-3.png","width":201,"height":57,"caption":"DimeCuba"},"image":{"@id":"https:\/\/www.dimecuba.com\/revista\/#\/schema\/logo\/image\/"},"sameAs":["https:\/\/facebook.com\/DimeCuba\/","https:\/\/x.com\/dimecuba","https:\/\/www.instagram.com\/dimecuba\/","https:\/\/www.linkedin.com\/company\/dimecuba","https:\/\/www.youtube.com\/dimecubaweb"]},{"@type":"Person","@id":"https:\/\/www.dimecuba.com\/revista\/#\/schema\/person\/c9170ad69b8f1747349109bcefe6ea61","name":"anabarbara","image":{"@type":"ImageObject","inLanguage":"es","@id":"https:\/\/secure.gravatar.com\/avatar\/b2068d959b6344abe419e9380ad193d5c007cf3d0e838d4a0fccea732b04b99e?s=96&d=mm&r=g","url":"https:\/\/secure.gravatar.com\/avatar\/b2068d959b6344abe419e9380ad193d5c007cf3d0e838d4a0fccea732b04b99e?s=96&d=mm&r=g","contentUrl":"https:\/\/secure.gravatar.com\/avatar\/b2068d959b6344abe419e9380ad193d5c007cf3d0e838d4a0fccea732b04b99e?s=96&d=mm&r=g","caption":"anabarbara"},"url":"https:\/\/www.dimecuba.com\/revista\/author\/anabarbara\/"}]}},"_links":{"self":[{"href":"https:\/\/www.dimecuba.com\/revista\/wp-json\/wp\/v2\/posts\/96673","targetHints":{"allow":["GET"]}}],"collection":[{"href":"https:\/\/www.dimecuba.com\/revista\/wp-json\/wp\/v2\/posts"}],"about":[{"href":"https:\/\/www.dimecuba.com\/revista\/wp-json\/wp\/v2\/types\/post"}],"author":[{"embeddable":true,"href":"https:\/\/www.dimecuba.com\/revista\/wp-json\/wp\/v2\/users\/33"}],"replies":[{"embeddable":true,"href":"https:\/\/www.dimecuba.com\/revista\/wp-json\/wp\/v2\/comments?post=96673"}],"version-history":[{"count":0,"href":"https:\/\/www.dimecuba.com\/revista\/wp-json\/wp\/v2\/posts\/96673\/revisions"}],"wp:featuredmedia":[{"embeddable":true,"href":"https:\/\/www.dimecuba.com\/revista\/wp-json\/wp\/v2\/media\/93403"}],"wp:attachment":[{"href":"https:\/\/www.dimecuba.com\/revista\/wp-json\/wp\/v2\/media?parent=96673"}],"wp:term":[{"taxonomy":"category","embeddable":true,"href":"https:\/\/www.dimecuba.com\/revista\/wp-json\/wp\/v2\/categories?post=96673"},{"taxonomy":"post_tag","embeddable":true,"href":"https:\/\/www.dimecuba.com\/revista\/wp-json\/wp\/v2\/tags?post=96673"}],"curies":[{"name":"wp","href":"https:\/\/api.w.org\/{rel}","templated":true}]}}