{"id":96675,"date":"2026-09-05T08:27:34","date_gmt":"2026-09-05T08:27:34","guid":{"rendered":"https:\/\/www.dimecuba.com\/revista\/?p=96675"},"modified":"2026-09-04T18:34:50","modified_gmt":"2026-09-04T18:34:50","slug":"consulado-de-espana-en-la-habana-abre-citas-para-el-primer-pasaporte","status":"publish","type":"post","link":"https:\/\/www.dimecuba.com\/revista\/nacionalidad-espanola\/consulado-espana-en-cuba\/consulado-de-espana-en-la-habana-abre-citas-para-el-primer-pasaporte\/","title":{"rendered":"Consulado de Espa\u00f1a en La Habana abre citas para el primer pasaporte"},"content":{"rendered":"<p>El Consulado General de Espa\u00f1a en La Habana public\u00f3 el 26 de agosto de 2026 una actualizaci\u00f3n que miles de cubanos llevaban meses esperando. El primer pasaporte espa\u00f1ol cubanos Consulado La Habana tiene nueva fecha de corte: ya pueden reservar turno las personas cuya inscripci\u00f3n qued\u00f3 practicada en el Registro Civil Consular hasta el 31 de mayo de 2026, siempre que hayan recibido la correspondiente notificaci\u00f3n a trav\u00e9s de DICIREG.<\/p>\n<p>Es un avance concreto en un proceso que para muchos ha sido largo, costoso y lleno de esperas. Pero como cada avance anterior, viene con condiciones que conviene entender bien antes de intentar pedir la cita.<\/p>\n<h2>El comunicado oficial del Consulado<\/h2>\n<p>El <strong><a href=\"https:\/\/www.exteriores.gob.es\/Consulados\/lahabana\/es\/Paginas\/index.aspx\">Consulado General de Espa\u00f1a en La Habana<\/a> <\/strong>anunci\u00f3 una nueva ampliaci\u00f3n de las citas para solicitar el primer pasaporte espa\u00f1ol, una actualizaci\u00f3n de especial inter\u00e9s para miles de cubanos que han obtenido recientemente la nacionalidad.<\/p>\n<p>Seg\u00fan el aviso publicado el 26 de agosto de 2026, ya pueden reservar turno las personas cuya inscripci\u00f3n haya quedado practicada en el Registro Civil Consular hasta el 31 de mayo de 2026, siempre que adem\u00e1s hayan recibido la correspondiente notificaci\u00f3n mediante DICIREG.<\/p>\n<p>La sede diplom\u00e1tica espa\u00f1ola fue escueta pero precisa en su comunicado: \u00abPor medio de la presente, queremos informar que toda aquella persona que fue inscrita en este Registro Civil hasta el 31 de mayo de 2026 y que est\u00e9 notificada a trav\u00e9s de DICIREG, ya es capaz de obtener la cita para la solicitud de su primer pasaporte\u00bb.<\/p>\n<h3>Qu\u00e9 significa este avance<\/h3>\n<p>Este no es el primer llamado de este tipo. La ampliaci\u00f3n de las citas para el primer pasaporte ha ido avanzando por fases, a\u00f1adiendo meses al calendario de forma progresiva.<\/p>\n<p>El pasado 6 de agosto, la actualizaci\u00f3n beneficiaba a todas las personas inscritas en el Registro Civil Consular hasta el 30 de abril de 2026. Ahora ese l\u00edmite se extiende un mes m\u00e1s, hasta el 31 de mayo.<\/p>\n<p>Ese patr\u00f3n de avance gradual refleja la capacidad real del consulado para absorber la demanda de un tr\u00e1mite que acumula a\u00f1os de retraso. El anuncio llega semanas despu\u00e9s de que el consulado ampliara las citas para legalizaci\u00f3n de documentos hasta 1,500 plazas semanales, un incremento acumulado de m\u00e1s del 50% respecto a las mil citas semanales que se ofrec\u00edan en 2025.<\/p>\n<p>A pesar de estos esfuerzos sucesivos, el sistema sigue desbordado. En junio de 2026 se denunci\u00f3 un mercado negro de citas con cobros de hasta 300 euros por adelantar turno y esperas de hasta 19 meses en algunos tr\u00e1mites.<\/p>\n<h2>Los dos requisitos que debes cumplir<\/h2>\n<p>El anuncio no significa que todos los solicitantes de nacionalidad espa\u00f1ola en Cuba puedan pedir inmediatamente el pasaporte. Para beneficiarse de esta nueva apertura deben cumplirse dos condiciones al mismo tiempo:<\/p>\n<ul>\n<li>Primera: La inscripci\u00f3n del nacimiento como ciudadano espa\u00f1ol debe haberse realizado en el Registro Civil Consular de La Habana a m\u00e1s tardar el 31 de mayo de 2026.<\/li>\n<li>Segunda: El interesado debe haber recibido la notificaci\u00f3n correspondiente a trav\u00e9s de DICIREG.<\/li>\n<\/ul>\n<p>Quienes todav\u00eda tengan su expediente de nacionalidad pendiente de resoluci\u00f3n o no hayan recibido la notificaci\u00f3n de su inscripci\u00f3n deber\u00e1n esperar a que avance su procedimiento.<\/p>\n<h2>Qu\u00e9 es DICIREG y por qu\u00e9 es determinante<\/h2>\n<p><strong><a href=\"https:\/\/www.exteriores.gob.es\/Consulados\/lahabana\/es\/Comunicacion\/Noticias\/Paginas\/Articulos\/Registro-Civil-electr%C3%B3nico-DICIREG.aspx\">DICIREG es la plataforma electr\u00f3nica del Registro Civil espa\u00f1ol,<\/a><\/strong> descrita por las autoridades como el \u00abnuevo est\u00e1ndar digital para los tr\u00e1mites del Registro Civil\u00bb. Su despliegue en toda la red consular espa\u00f1ola, que abarca 177 oficinas en el mundo y da servicio a unos 3.2 millones de espa\u00f1oles en el exterior, se complet\u00f3 el 30 de junio de 2025.<\/p>\n<p>En la pr\u00e1ctica, DICIREG es el sistema por el que el Registro Civil Consular notifica al ciudadano que su inscripci\u00f3n ha quedado practicada. Sin esa notificaci\u00f3n, incluso quien cumple el requisito de fecha no puede acceder todav\u00eda al sistema de citas.<\/p>\n<h2>C\u00f3mo solicitar la cita para el primer pasaporte<\/h2>\n<p>Para tramitar la solicitud del primer pasaporte en el Consulado General de Espa\u00f1a en La Habana, es imprescindible contar con una cita previa, que debe gestionarse a trav\u00e9s de un sistema en l\u00ednea, cuando el Consulado haya habilitado el sistema. Si no hay citas disponibles, se recomienda consultar regularmente el sitio web, ya que se habilitan progresivamente.<\/p>\n<p>El procedimiento comienza en la p\u00e1gina web oficial del Consulado de Espa\u00f1a en La Habana, dentro de la secci\u00f3n de Pasaportes. Existen dos sistemas diferenciados para la primera solicitud: uno para mayores de edad y otro para menores. En ambos casos el solicitante debe estar previamente inscrito en el Registro de Matr\u00edcula Consular como residente.<\/p>\n<p>Los documentos que generalmente se requieren para el primer pasaporte incluyen el certificado literal de nacimiento espa\u00f1ol, documento de identidad del solicitante o de los progenitores en caso de menores, y en determinadas situaciones, documentaci\u00f3n adicional legalizada por el MINREX o el MINJUS.<\/p>\n","protected":false},"excerpt":{"rendered":"<p>El Consulado General de Espa\u00f1a en La Habana public\u00f3 el 26 de agosto de 2026 una actualizaci\u00f3n que miles de<\/p>\n","protected":false},"author":33,"featured_media":70511,"comment_status":"open","ping_status":"closed","sticky":false,"template":"","format":"standard","meta":{"colormag_page_container_layout":"default_layout","colormag_page_sidebar_layout":"default_layout","wprm-recipe-roundup-name":"","wprm-recipe-roundup-description":"","footnotes":""},"categories":[18239],"tags":[18577,18241],"class_list":["post-96675","post","type-post","status-publish","format-standard","has-post-thumbnail","hentry","category-consulado-espana-en-cuba","tag-cubanos-en-espana","tag-tramites-espana"],"yoast_head":"<!-- This site is optimized with the Yoast SEO Premium plugin v24.8 (Yoast SEO v28.4) - https:\/\/yoast.com\/product\/yoast-seo-premium-wordpress\/ -->\n<title>Consulado de Espa\u00f1a en La Habana abre citas para el primer pasaporte<\/title>\n<meta name=\"description\" content=\"El Consulado de Espa\u00f1a en La Habana abri\u00f3 citas para el primer pasaporte a inscritos en el Registro Civil hasta el 31 de mayo de 2026\" \/>\n<meta name=\"robots\" content=\"index, follow, max-snippet:-1, max-image-preview:large, max-video-preview:-1\" \/>\n<link rel=\"canonical\" href=\"https:\/\/www.dimecuba.com\/revista\/nacionalidad-espanola\/consulado-espana-en-cuba\/consulado-de-espana-en-la-habana-abre-citas-para-el-primer-pasaporte\/\" \/>\n<meta property=\"og:locale\" content=\"es_ES\" \/>\n<meta property=\"og:type\" content=\"article\" \/>\n<meta property=\"og:title\" content=\"Consulado de Espa\u00f1a en La Habana abre citas para el primer pasaporte\" \/>\n<meta property=\"og:description\" content=\"El Consulado de Espa\u00f1a en La Habana abri\u00f3 citas para el primer pasaporte a inscritos en el Registro Civil hasta el 31 de mayo de 2026\" \/>\n<meta property=\"og:url\" content=\"https:\/\/www.dimecuba.com\/revista\/nacionalidad-espanola\/consulado-espana-en-cuba\/consulado-de-espana-en-la-habana-abre-citas-para-el-primer-pasaporte\/\" \/>\n<meta property=\"og:site_name\" content=\"Revista DimeCuba\" \/>\n<meta property=\"article:publisher\" content=\"https:\/\/facebook.com\/DimeCuba\/\" \/>\n<meta property=\"article:published_time\" content=\"2026-09-05T08:27:34+00:00\" \/>\n<meta property=\"og:image\" content=\"https:\/\/www.dimecuba.com\/revista\/wp-content\/uploads\/2021\/09\/pasaportes-espanoles-La-Habana-.jpg\" \/>\n\t<meta property=\"og:image:width\" content=\"1280\" \/>\n\t<meta property=\"og:image:height\" content=\"720\" \/>\n\t<meta property=\"og:image:type\" content=\"image\/jpeg\" \/>\n<meta name=\"author\" content=\"anabarbara\" \/>\n<meta name=\"twitter:card\" content=\"summary_large_image\" \/>\n<meta name=\"twitter:creator\" content=\"@dimecuba\" \/>\n<meta name=\"twitter:site\" content=\"@dimecuba\" \/>\n<meta name=\"twitter:label1\" content=\"Escrito por\" \/>\n\t<meta name=\"twitter:data1\" content=\"anabarbara\" \/>\n\t<meta name=\"twitter:label2\" content=\"Tiempo de lectura\" \/>\n\t<meta name=\"twitter:data2\" content=\"4 minutos\" \/>\n<script type=\"application\/ld+json\" class=\"yoast-schema-graph\">{\"@context\":\"https:\\\/\\\/schema.org\",\"@graph\":[{\"@type\":\"NewsArticle\",\"@id\":\"https:\\\/\\\/www.dimecuba.com\\\/revista\\\/nacionalidad-espanola\\\/consulado-espana-en-cuba\\\/consulado-de-espana-en-la-habana-abre-citas-para-el-primer-pasaporte\\\/#article\",\"isPartOf\":{\"@id\":\"https:\\\/\\\/www.dimecuba.com\\\/revista\\\/nacionalidad-espanola\\\/consulado-espana-en-cuba\\\/consulado-de-espana-en-la-habana-abre-citas-para-el-primer-pasaporte\\\/\"},\"author\":{\"name\":\"anabarbara\",\"@id\":\"https:\\\/\\\/www.dimecuba.com\\\/revista\\\/#\\\/schema\\\/person\\\/c9170ad69b8f1747349109bcefe6ea61\"},\"headline\":\"Consulado de Espa\u00f1a en La Habana abre citas para el primer pasaporte\",\"datePublished\":\"2026-09-05T08:27:34+00:00\",\"mainEntityOfPage\":{\"@id\":\"https:\\\/\\\/www.dimecuba.com\\\/revista\\\/nacionalidad-espanola\\\/consulado-espana-en-cuba\\\/consulado-de-espana-en-la-habana-abre-citas-para-el-primer-pasaporte\\\/\"},\"wordCount\":844,\"commentCount\":0,\"publisher\":{\"@id\":\"https:\\\/\\\/www.dimecuba.com\\\/revista\\\/#organization\"},\"image\":{\"@id\":\"https:\\\/\\\/www.dimecuba.com\\\/revista\\\/nacionalidad-espanola\\\/consulado-espana-en-cuba\\\/consulado-de-espana-en-la-habana-abre-citas-para-el-primer-pasaporte\\\/#primaryimage\"},\"thumbnailUrl\":\"https:\\\/\\\/www.dimecuba.com\\\/revista\\\/wp-content\\\/uploads\\\/2021\\\/09\\\/pasaportes-espanoles-La-Habana-.jpg\",\"keywords\":[\"Cubanos en Espa\u00f1a\",\"TR\u00c1MITES ESPA\u00d1A\"],\"articleSection\":[\"CONSULADO DE ESPA\u00d1A EN CUBA\"],\"inLanguage\":\"es\",\"potentialAction\":[{\"@type\":\"CommentAction\",\"name\":\"Comment\",\"target\":[\"https:\\\/\\\/www.dimecuba.com\\\/revista\\\/nacionalidad-espanola\\\/consulado-espana-en-cuba\\\/consulado-de-espana-en-la-habana-abre-citas-para-el-primer-pasaporte\\\/#respond\"]}]},{\"@type\":\"WebPage\",\"@id\":\"https:\\\/\\\/www.dimecuba.com\\\/revista\\\/nacionalidad-espanola\\\/consulado-espana-en-cuba\\\/consulado-de-espana-en-la-habana-abre-citas-para-el-primer-pasaporte\\\/\",\"url\":\"https:\\\/\\\/www.dimecuba.com\\\/revista\\\/nacionalidad-espanola\\\/consulado-espana-en-cuba\\\/consulado-de-espana-en-la-habana-abre-citas-para-el-primer-pasaporte\\\/\",\"name\":\"Consulado de Espa\u00f1a en La Habana abre citas para el primer pasaporte\",\"isPartOf\":{\"@id\":\"https:\\\/\\\/www.dimecuba.com\\\/revista\\\/#website\"},\"primaryImageOfPage\":{\"@id\":\"https:\\\/\\\/www.dimecuba.com\\\/revista\\\/nacionalidad-espanola\\\/consulado-espana-en-cuba\\\/consulado-de-espana-en-la-habana-abre-citas-para-el-primer-pasaporte\\\/#primaryimage\"},\"image\":{\"@id\":\"https:\\\/\\\/www.dimecuba.com\\\/revista\\\/nacionalidad-espanola\\\/consulado-espana-en-cuba\\\/consulado-de-espana-en-la-habana-abre-citas-para-el-primer-pasaporte\\\/#primaryimage\"},\"thumbnailUrl\":\"https:\\\/\\\/www.dimecuba.com\\\/revista\\\/wp-content\\\/uploads\\\/2021\\\/09\\\/pasaportes-espanoles-La-Habana-.jpg\",\"datePublished\":\"2026-09-05T08:27:34+00:00\",\"description\":\"El Consulado de Espa\u00f1a en La Habana abri\u00f3 citas para el primer pasaporte a inscritos en el Registro Civil hasta el 31 de mayo de 2026\",\"breadcrumb\":{\"@id\":\"https:\\\/\\\/www.dimecuba.com\\\/revista\\\/nacionalidad-espanola\\\/consulado-espana-en-cuba\\\/consulado-de-espana-en-la-habana-abre-citas-para-el-primer-pasaporte\\\/#breadcrumb\"},\"inLanguage\":\"es\",\"potentialAction\":[{\"@type\":\"ReadAction\",\"target\":[\"https:\\\/\\\/www.dimecuba.com\\\/revista\\\/nacionalidad-espanola\\\/consulado-espana-en-cuba\\\/consulado-de-espana-en-la-habana-abre-citas-para-el-primer-pasaporte\\\/\"]}]},{\"@type\":\"ImageObject\",\"inLanguage\":\"es\",\"@id\":\"https:\\\/\\\/www.dimecuba.com\\\/revista\\\/nacionalidad-espanola\\\/consulado-espana-en-cuba\\\/consulado-de-espana-en-la-habana-abre-citas-para-el-primer-pasaporte\\\/#primaryimage\",\"url\":\"https:\\\/\\\/www.dimecuba.com\\\/revista\\\/wp-content\\\/uploads\\\/2021\\\/09\\\/pasaportes-espanoles-La-Habana-.jpg\",\"contentUrl\":\"https:\\\/\\\/www.dimecuba.com\\\/revista\\\/wp-content\\\/uploads\\\/2021\\\/09\\\/pasaportes-espanoles-La-Habana-.jpg\",\"width\":1280,\"height\":720,\"caption\":\"pasaportes espa\u00f1oles La Habana\"},{\"@type\":\"BreadcrumbList\",\"@id\":\"https:\\\/\\\/www.dimecuba.com\\\/revista\\\/nacionalidad-espanola\\\/consulado-espana-en-cuba\\\/consulado-de-espana-en-la-habana-abre-citas-para-el-primer-pasaporte\\\/#breadcrumb\",\"itemListElement\":[{\"@type\":\"ListItem\",\"position\":1,\"name\":\"Noticias de Cuba\",\"item\":\"https:\\\/\\\/www.dimecuba.com\\\/revista\\\/\"},{\"@type\":\"ListItem\",\"position\":2,\"name\":\"NACIONALIDAD ESPA\u00d1OLA\",\"item\":\"https:\\\/\\\/www.dimecuba.com\\\/revista\\\/nacionalidad-espanola\\\/\"},{\"@type\":\"ListItem\",\"position\":3,\"name\":\"CONSULADO DE ESPA\u00d1A EN CUBA\",\"item\":\"https:\\\/\\\/www.dimecuba.com\\\/revista\\\/nacionalidad-espanola\\\/consulado-espana-en-cuba\\\/\"},{\"@type\":\"ListItem\",\"position\":4,\"name\":\"Consulado de Espa\u00f1a en La Habana abre citas para el primer pasaporte\"}]},{\"@type\":\"WebSite\",\"@id\":\"https:\\\/\\\/www.dimecuba.com\\\/revista\\\/#website\",\"url\":\"https:\\\/\\\/www.dimecuba.com\\\/revista\\\/\",\"name\":\"Revista DimeCuba\",\"description\":\"\u00daltimas noticias y sucesos de Cuba\",\"publisher\":{\"@id\":\"https:\\\/\\\/www.dimecuba.com\\\/revista\\\/#organization\"},\"potentialAction\":[{\"@type\":\"SearchAction\",\"target\":{\"@type\":\"EntryPoint\",\"urlTemplate\":\"https:\\\/\\\/www.dimecuba.com\\\/revista\\\/?s={search_term_string}\"},\"query-input\":{\"@type\":\"PropertyValueSpecification\",\"valueRequired\":true,\"valueName\":\"search_term_string\"}}],\"inLanguage\":\"es\"},{\"@type\":\"Organization\",\"@id\":\"https:\\\/\\\/www.dimecuba.com\\\/revista\\\/#organization\",\"name\":\"DimeCuba\",\"url\":\"https:\\\/\\\/www.dimecuba.com\\\/revista\\\/\",\"logo\":{\"@type\":\"ImageObject\",\"inLanguage\":\"es\",\"@id\":\"https:\\\/\\\/www.dimecuba.com\\\/revista\\\/#\\\/schema\\\/logo\\\/image\\\/\",\"url\":\"https:\\\/\\\/www.dimecuba.com\\\/revista\\\/wp-content\\\/uploads\\\/2018\\\/10\\\/Revista-DimeCuba-logo-sml-3.png\",\"contentUrl\":\"https:\\\/\\\/www.dimecuba.com\\\/revista\\\/wp-content\\\/uploads\\\/2018\\\/10\\\/Revista-DimeCuba-logo-sml-3.png\",\"width\":201,\"height\":57,\"caption\":\"DimeCuba\"},\"image\":{\"@id\":\"https:\\\/\\\/www.dimecuba.com\\\/revista\\\/#\\\/schema\\\/logo\\\/image\\\/\"},\"sameAs\":[\"https:\\\/\\\/facebook.com\\\/DimeCuba\\\/\",\"https:\\\/\\\/x.com\\\/dimecuba\",\"https:\\\/\\\/www.instagram.com\\\/dimecuba\\\/\",\"https:\\\/\\\/www.linkedin.com\\\/company\\\/dimecuba\",\"https:\\\/\\\/www.youtube.com\\\/dimecubaweb\"]},{\"@type\":\"Person\",\"@id\":\"https:\\\/\\\/www.dimecuba.com\\\/revista\\\/#\\\/schema\\\/person\\\/c9170ad69b8f1747349109bcefe6ea61\",\"name\":\"anabarbara\",\"image\":{\"@type\":\"ImageObject\",\"inLanguage\":\"es\",\"@id\":\"https:\\\/\\\/secure.gravatar.com\\\/avatar\\\/b2068d959b6344abe419e9380ad193d5c007cf3d0e838d4a0fccea732b04b99e?s=96&d=mm&r=g\",\"url\":\"https:\\\/\\\/secure.gravatar.com\\\/avatar\\\/b2068d959b6344abe419e9380ad193d5c007cf3d0e838d4a0fccea732b04b99e?s=96&d=mm&r=g\",\"contentUrl\":\"https:\\\/\\\/secure.gravatar.com\\\/avatar\\\/b2068d959b6344abe419e9380ad193d5c007cf3d0e838d4a0fccea732b04b99e?s=96&d=mm&r=g\",\"caption\":\"anabarbara\"},\"url\":\"https:\\\/\\\/www.dimecuba.com\\\/revista\\\/author\\\/anabarbara\\\/\"}]}<\/script>\n<!-- \/ Yoast SEO Premium plugin. -->","yoast_head_json":{"title":"Consulado de Espa\u00f1a en La Habana abre citas para el primer pasaporte","description":"El Consulado de Espa\u00f1a en La Habana abri\u00f3 citas para el primer pasaporte a inscritos en el Registro Civil hasta el 31 de mayo de 2026","robots":{"index":"index","follow":"follow","max-snippet":"max-snippet:-1","max-image-preview":"max-image-preview:large","max-video-preview":"max-video-preview:-1"},"canonical":"https:\/\/www.dimecuba.com\/revista\/nacionalidad-espanola\/consulado-espana-en-cuba\/consulado-de-espana-en-la-habana-abre-citas-para-el-primer-pasaporte\/","og_locale":"es_ES","og_type":"article","og_title":"Consulado de Espa\u00f1a en La Habana abre citas para el primer pasaporte","og_description":"El Consulado de Espa\u00f1a en La Habana abri\u00f3 citas para el primer pasaporte a inscritos en el Registro Civil hasta el 31 de mayo de 2026","og_url":"https:\/\/www.dimecuba.com\/revista\/nacionalidad-espanola\/consulado-espana-en-cuba\/consulado-de-espana-en-la-habana-abre-citas-para-el-primer-pasaporte\/","og_site_name":"Revista DimeCuba","article_publisher":"https:\/\/facebook.com\/DimeCuba\/","article_published_time":"2026-09-05T08:27:34+00:00","og_image":[{"width":1280,"height":720,"url":"https:\/\/www.dimecuba.com\/revista\/wp-content\/uploads\/2021\/09\/pasaportes-espanoles-La-Habana-.jpg","type":"image\/jpeg"}],"author":"anabarbara","twitter_card":"summary_large_image","twitter_creator":"@dimecuba","twitter_site":"@dimecuba","twitter_misc":{"Escrito por":"anabarbara","Tiempo de lectura":"4 minutos"},"schema":{"@context":"https:\/\/schema.org","@graph":[{"@type":"NewsArticle","@id":"https:\/\/www.dimecuba.com\/revista\/nacionalidad-espanola\/consulado-espana-en-cuba\/consulado-de-espana-en-la-habana-abre-citas-para-el-primer-pasaporte\/#article","isPartOf":{"@id":"https:\/\/www.dimecuba.com\/revista\/nacionalidad-espanola\/consulado-espana-en-cuba\/consulado-de-espana-en-la-habana-abre-citas-para-el-primer-pasaporte\/"},"author":{"name":"anabarbara","@id":"https:\/\/www.dimecuba.com\/revista\/#\/schema\/person\/c9170ad69b8f1747349109bcefe6ea61"},"headline":"Consulado de Espa\u00f1a en La Habana abre citas para el primer pasaporte","datePublished":"2026-09-05T08:27:34+00:00","mainEntityOfPage":{"@id":"https:\/\/www.dimecuba.com\/revista\/nacionalidad-espanola\/consulado-espana-en-cuba\/consulado-de-espana-en-la-habana-abre-citas-para-el-primer-pasaporte\/"},"wordCount":844,"commentCount":0,"publisher":{"@id":"https:\/\/www.dimecuba.com\/revista\/#organization"},"image":{"@id":"https:\/\/www.dimecuba.com\/revista\/nacionalidad-espanola\/consulado-espana-en-cuba\/consulado-de-espana-en-la-habana-abre-citas-para-el-primer-pasaporte\/#primaryimage"},"thumbnailUrl":"https:\/\/www.dimecuba.com\/revista\/wp-content\/uploads\/2021\/09\/pasaportes-espanoles-La-Habana-.jpg","keywords":["Cubanos en Espa\u00f1a","TR\u00c1MITES ESPA\u00d1A"],"articleSection":["CONSULADO DE ESPA\u00d1A EN CUBA"],"inLanguage":"es","potentialAction":[{"@type":"CommentAction","name":"Comment","target":["https:\/\/www.dimecuba.com\/revista\/nacionalidad-espanola\/consulado-espana-en-cuba\/consulado-de-espana-en-la-habana-abre-citas-para-el-primer-pasaporte\/#respond"]}]},{"@type":"WebPage","@id":"https:\/\/www.dimecuba.com\/revista\/nacionalidad-espanola\/consulado-espana-en-cuba\/consulado-de-espana-en-la-habana-abre-citas-para-el-primer-pasaporte\/","url":"https:\/\/www.dimecuba.com\/revista\/nacionalidad-espanola\/consulado-espana-en-cuba\/consulado-de-espana-en-la-habana-abre-citas-para-el-primer-pasaporte\/","name":"Consulado de Espa\u00f1a en La Habana abre citas para el primer pasaporte","isPartOf":{"@id":"https:\/\/www.dimecuba.com\/revista\/#website"},"primaryImageOfPage":{"@id":"https:\/\/www.dimecuba.com\/revista\/nacionalidad-espanola\/consulado-espana-en-cuba\/consulado-de-espana-en-la-habana-abre-citas-para-el-primer-pasaporte\/#primaryimage"},"image":{"@id":"https:\/\/www.dimecuba.com\/revista\/nacionalidad-espanola\/consulado-espana-en-cuba\/consulado-de-espana-en-la-habana-abre-citas-para-el-primer-pasaporte\/#primaryimage"},"thumbnailUrl":"https:\/\/www.dimecuba.com\/revista\/wp-content\/uploads\/2021\/09\/pasaportes-espanoles-La-Habana-.jpg","datePublished":"2026-09-05T08:27:34+00:00","description":"El Consulado de Espa\u00f1a en La Habana abri\u00f3 citas para el primer pasaporte a inscritos en el Registro Civil hasta el 31 de mayo de 2026","breadcrumb":{"@id":"https:\/\/www.dimecuba.com\/revista\/nacionalidad-espanola\/consulado-espana-en-cuba\/consulado-de-espana-en-la-habana-abre-citas-para-el-primer-pasaporte\/#breadcrumb"},"inLanguage":"es","potentialAction":[{"@type":"ReadAction","target":["https:\/\/www.dimecuba.com\/revista\/nacionalidad-espanola\/consulado-espana-en-cuba\/consulado-de-espana-en-la-habana-abre-citas-para-el-primer-pasaporte\/"]}]},{"@type":"ImageObject","inLanguage":"es","@id":"https:\/\/www.dimecuba.com\/revista\/nacionalidad-espanola\/consulado-espana-en-cuba\/consulado-de-espana-en-la-habana-abre-citas-para-el-primer-pasaporte\/#primaryimage","url":"https:\/\/www.dimecuba.com\/revista\/wp-content\/uploads\/2021\/09\/pasaportes-espanoles-La-Habana-.jpg","contentUrl":"https:\/\/www.dimecuba.com\/revista\/wp-content\/uploads\/2021\/09\/pasaportes-espanoles-La-Habana-.jpg","width":1280,"height":720,"caption":"pasaportes espa\u00f1oles La Habana"},{"@type":"BreadcrumbList","@id":"https:\/\/www.dimecuba.com\/revista\/nacionalidad-espanola\/consulado-espana-en-cuba\/consulado-de-espana-en-la-habana-abre-citas-para-el-primer-pasaporte\/#breadcrumb","itemListElement":[{"@type":"ListItem","position":1,"name":"Noticias de Cuba","item":"https:\/\/www.dimecuba.com\/revista\/"},{"@type":"ListItem","position":2,"name":"NACIONALIDAD ESPA\u00d1OLA","item":"https:\/\/www.dimecuba.com\/revista\/nacionalidad-espanola\/"},{"@type":"ListItem","position":3,"name":"CONSULADO DE ESPA\u00d1A EN CUBA","item":"https:\/\/www.dimecuba.com\/revista\/nacionalidad-espanola\/consulado-espana-en-cuba\/"},{"@type":"ListItem","position":4,"name":"Consulado de Espa\u00f1a en La Habana abre citas para el primer pasaporte"}]},{"@type":"WebSite","@id":"https:\/\/www.dimecuba.com\/revista\/#website","url":"https:\/\/www.dimecuba.com\/revista\/","name":"Revista DimeCuba","description":"\u00daltimas noticias y sucesos de Cuba","publisher":{"@id":"https:\/\/www.dimecuba.com\/revista\/#organization"},"potentialAction":[{"@type":"SearchAction","target":{"@type":"EntryPoint","urlTemplate":"https:\/\/www.dimecuba.com\/revista\/?s={search_term_string}"},"query-input":{"@type":"PropertyValueSpecification","valueRequired":true,"valueName":"search_term_string"}}],"inLanguage":"es"},{"@type":"Organization","@id":"https:\/\/www.dimecuba.com\/revista\/#organization","name":"DimeCuba","url":"https:\/\/www.dimecuba.com\/revista\/","logo":{"@type":"ImageObject","inLanguage":"es","@id":"https:\/\/www.dimecuba.com\/revista\/#\/schema\/logo\/image\/","url":"https:\/\/www.dimecuba.com\/revista\/wp-content\/uploads\/2018\/10\/Revista-DimeCuba-logo-sml-3.png","contentUrl":"https:\/\/www.dimecuba.com\/revista\/wp-content\/uploads\/2018\/10\/Revista-DimeCuba-logo-sml-3.png","width":201,"height":57,"caption":"DimeCuba"},"image":{"@id":"https:\/\/www.dimecuba.com\/revista\/#\/schema\/logo\/image\/"},"sameAs":["https:\/\/facebook.com\/DimeCuba\/","https:\/\/x.com\/dimecuba","https:\/\/www.instagram.com\/dimecuba\/","https:\/\/www.linkedin.com\/company\/dimecuba","https:\/\/www.youtube.com\/dimecubaweb"]},{"@type":"Person","@id":"https:\/\/www.dimecuba.com\/revista\/#\/schema\/person\/c9170ad69b8f1747349109bcefe6ea61","name":"anabarbara","image":{"@type":"ImageObject","inLanguage":"es","@id":"https:\/\/secure.gravatar.com\/avatar\/b2068d959b6344abe419e9380ad193d5c007cf3d0e838d4a0fccea732b04b99e?s=96&d=mm&r=g","url":"https:\/\/secure.gravatar.com\/avatar\/b2068d959b6344abe419e9380ad193d5c007cf3d0e838d4a0fccea732b04b99e?s=96&d=mm&r=g","contentUrl":"https:\/\/secure.gravatar.com\/avatar\/b2068d959b6344abe419e9380ad193d5c007cf3d0e838d4a0fccea732b04b99e?s=96&d=mm&r=g","caption":"anabarbara"},"url":"https:\/\/www.dimecuba.com\/revista\/author\/anabarbara\/"}]}},"_links":{"self":[{"href":"https:\/\/www.dimecuba.com\/revista\/wp-json\/wp\/v2\/posts\/96675","targetHints":{"allow":["GET"]}}],"collection":[{"href":"https:\/\/www.dimecuba.com\/revista\/wp-json\/wp\/v2\/posts"}],"about":[{"href":"https:\/\/www.dimecuba.com\/revista\/wp-json\/wp\/v2\/types\/post"}],"author":[{"embeddable":true,"href":"https:\/\/www.dimecuba.com\/revista\/wp-json\/wp\/v2\/users\/33"}],"replies":[{"embeddable":true,"href":"https:\/\/www.dimecuba.com\/revista\/wp-json\/wp\/v2\/comments?post=96675"}],"version-history":[{"count":0,"href":"https:\/\/www.dimecuba.com\/revista\/wp-json\/wp\/v2\/posts\/96675\/revisions"}],"wp:featuredmedia":[{"embeddable":true,"href":"https:\/\/www.dimecuba.com\/revista\/wp-json\/wp\/v2\/media\/70511"}],"wp:attachment":[{"href":"https:\/\/www.dimecuba.com\/revista\/wp-json\/wp\/v2\/media?parent=96675"}],"wp:term":[{"taxonomy":"category","embeddable":true,"href":"https:\/\/www.dimecuba.com\/revista\/wp-json\/wp\/v2\/categories?post=96675"},{"taxonomy":"post_tag","embeddable":true,"href":"https:\/\/www.dimecuba.com\/revista\/wp-json\/wp\/v2\/tags?post=96675"}],"curies":[{"name":"wp","href":"https:\/\/api.w.org\/{rel}","templated":true}]}}